{"id":5835,"date":"2023-05-24T10:38:10","date_gmt":"2023-05-24T13:38:10","guid":{"rendered":"http:\/\/zoomproducciones.com.ar\/zoomp\/?p=5835"},"modified":"2023-05-24T10:38:10","modified_gmt":"2023-05-24T13:38:10","slug":"por-las-protestas-la-av-di-tomaso-estara-cortada-en-la-altura-del-hospital","status":"publish","type":"post","link":"http:\/\/zoomproducciones.com.ar\/zoomp\/por-las-protestas-la-av-di-tomaso-estara-cortada-en-la-altura-del-hospital\/","title":{"rendered":"Por las protestas: la Av Di Tomaso estar\u00e1 cortada en la altura del Hospital"},"content":{"rendered":"\n<p>A causa de las protestas por la muerte del ni\u00f1o Nehem\u00edas, familiares y acompa\u00f1antes cortar\u00e1n la Av Ditomaso, en la altura del Hospital, desde la ma\u00f1ana de este mi\u00e9rcoles hasta las 16 horas aproximadamente. Se estima que este jueves se tome la misma medida.<\/p>\n\n\n\n<h2 class=\"wp-block-heading\">Desv\u00edos<\/h2>\n\n\n\n<p>Si vas al Centro, por Di Tomaso, te hacen desviar por Paseo Costero.<\/p>\n\n\n\n<p>Si vas a los Barrios, por Di Tomaso, el desv\u00edo ser\u00e1 por Felix Mar\u00eda G\u00f3mez.<\/p>\n\n\n\n<p>Noticia en desarrollo.<\/p>\n","protected":false},"excerpt":{"rendered":"<p>A causa de las protestas por la muerte del ni\u00f1o Nehem\u00edas, familiares y acompa\u00f1antes cortar\u00e1n la Av Ditomaso, en la altura del Hospital, desde la ma\u00f1ana de este mi\u00e9rcoles hasta las 16 horas aproximadamente. Se estima que este jueves se tome la misma medida. Desv\u00edos Si vas al Centro, por Di Tomaso, te hacen desviar [&hellip;]<\/p>\n","protected":false},"author":2,"featured_media":0,"comment_status":"closed","ping_status":"open","sticky":false,"template":"","format":"standard","meta":{"footnotes":""},"categories":[5],"tags":[42,116],"class_list":{"0":"post-5835","1":"post","2":"type-post","3":"status-publish","4":"format-standard","6":"category-locales","7":"tag-featured","8":"tag-paso-de-los-libres"},"_links":{"self":[{"href":"http:\/\/zoomproducciones.com.ar\/zoomp\/wp-json\/wp\/v2\/posts\/5835","targetHints":{"allow":["GET"]}}],"collection":[{"href":"http:\/\/zoomproducciones.com.ar\/zoomp\/wp-json\/wp\/v2\/posts"}],"about":[{"href":"http:\/\/zoomproducciones.com.ar\/zoomp\/wp-json\/wp\/v2\/types\/post"}],"author":[{"embeddable":true,"href":"http:\/\/zoomproducciones.com.ar\/zoomp\/wp-json\/wp\/v2\/users\/2"}],"replies":[{"embeddable":true,"href":"http:\/\/zoomproducciones.com.ar\/zoomp\/wp-json\/wp\/v2\/comments?post=5835"}],"version-history":[{"count":1,"href":"http:\/\/zoomproducciones.com.ar\/zoomp\/wp-json\/wp\/v2\/posts\/5835\/revisions"}],"predecessor-version":[{"id":5836,"href":"http:\/\/zoomproducciones.com.ar\/zoomp\/wp-json\/wp\/v2\/posts\/5835\/revisions\/5836"}],"wp:attachment":[{"href":"http:\/\/zoomproducciones.com.ar\/zoomp\/wp-json\/wp\/v2\/media?parent=5835"}],"wp:term":[{"taxonomy":"category","embeddable":true,"href":"http:\/\/zoomproducciones.com.ar\/zoomp\/wp-json\/wp\/v2\/categories?post=5835"},{"taxonomy":"post_tag","embeddable":true,"href":"http:\/\/zoomproducciones.com.ar\/zoomp\/wp-json\/wp\/v2\/tags?post=5835"}],"curies":[{"name":"wp","href":"https:\/\/api.w.org\/{rel}","templated":true}]}}