{"id":5824,"date":"2023-05-24T10:07:30","date_gmt":"2023-05-24T13:07:30","guid":{"rendered":"http:\/\/zoomproducciones.com.ar\/zoomp\/?p=5824"},"modified":"2023-05-24T10:09:49","modified_gmt":"2023-05-24T13:09:49","slug":"milei-confirmo-al-dipy-como-candidato-a-intendente-de-la-matanza","status":"publish","type":"post","link":"http:\/\/zoomproducciones.com.ar\/zoomp\/milei-confirmo-al-dipy-como-candidato-a-intendente-de-la-matanza\/","title":{"rendered":"Milei confirm\u00f3 al Dipy como candidato a intendente de La Matanza"},"content":{"rendered":"\n<p>El precandidato a presidente para La Libertad Avanza,<strong>&nbsp;Javier Milei, anunci\u00f3 que David \u201cEl Dipy\u201d Mart\u00ednez ser\u00e1 su candidato a intendente de La Matanza<\/strong>. \u00abNos une una amistad y una mirada com\u00fan sobre los motivos por los que Argentina atraviesa una crisis\u00bb.<\/p>\n\n\n\n<p>La confirmaci\u00f3n lleg\u00f3 v\u00eda Twitter en donde Javier Milei expres\u00f3: <\/p>\n\n\n\n<figure class=\"wp-block-embed is-type-rich is-provider-twitter wp-block-embed-twitter\"><div class=\"wp-block-embed__wrapper\">\n<blockquote class=\"twitter-tweet\" data-width=\"550\" data-dnt=\"true\"><p lang=\"es\" dir=\"ltr\">Habemus Intendente para La Matanza.<br>Bienvenido <a href=\"https:\/\/twitter.com\/eldipyok?ref_src=twsrc%5Etfw\">@eldipyok<\/a> a las filas de La Libertad Avanza para sacar al Pa\u00eds del sendero miserable en el que nos meti\u00f3 la pol\u00edtica corrupta&#8230;<br>VIVA LA LIBERTAD CARAJO&#8230;!!!<br><br>CC: <a href=\"https:\/\/twitter.com\/VickyVillarruel?ref_src=twsrc%5Etfw\">@VickyVillarruel<\/a> <a href=\"https:\/\/t.co\/r2W7NxUr0H\">https:\/\/t.co\/r2W7NxUr0H<\/a><\/p>&mdash; Javier Milei (@JMilei) <a href=\"https:\/\/twitter.com\/JMilei\/status\/1661034986009395200?ref_src=twsrc%5Etfw\">May 23, 2023<\/a><\/blockquote><script async src=\"https:\/\/platform.twitter.com\/widgets.js\" charset=\"utf-8\"><\/script>\n<\/div><figcaption class=\"wp-element-caption\">Por otro lado, Libertad Avanza comparti\u00f3 un comunicado en donde expres\u00f3 los motivos de la elecci\u00f3n: <em><strong>\u201cCon el Dipy nos une una amistad y una mirada com\u00fan sobre los motivos por los que Argentina atraviesa una crisis pol\u00edtica, econ\u00f3mica, social y de valores. Y tambi\u00e9n sobre lo que tenemos que hacer para evitar que el pa\u00eds se convierta en la villa miseria m\u00e1s grande del mundo\u201d<\/strong><\/em>.<\/figcaption><\/figure>\n\n\n\n<figure class=\"wp-block-image size-full\"><a href=\"http:\/\/zoomproducciones.com.ar\/zoomp\/wp-content\/uploads\/2023\/05\/image-86.png\"><img decoding=\"async\" src=\"http:\/\/zoomproducciones.com.ar\/zoomp\/wp-content\/uploads\/2023\/05\/image-86.png\" alt=\"\" class=\"wp-image-5825\"\/><\/a><\/figure>\n\n\n\n<p><strong><em>\u201cLa Matanza es el lugar emblema de la casta pol\u00edtica y de la decadencia nacional por culpa de los pol\u00edticos. Pasan los a\u00f1os y los gobiernos nacionales y provinciales, pero se mantiene una casta enquistada en el municipio que maneja todos los negocios paralelos\u201d<\/em><\/strong> expres\u00f3 el comunicado.<\/p>\n","protected":false},"excerpt":{"rendered":"<p>El precandidato a presidente para La Libertad Avanza,&nbsp;Javier Milei, anunci\u00f3 que David \u201cEl Dipy\u201d Mart\u00ednez ser\u00e1 su candidato a intendente de La Matanza. \u00abNos une una amistad y una mirada com\u00fan sobre los motivos por los que Argentina atraviesa una crisis\u00bb. La confirmaci\u00f3n lleg\u00f3 v\u00eda Twitter en donde Javier Milei expres\u00f3: \u201cLa Matanza es el [&hellip;]<\/p>\n","protected":false},"author":2,"featured_media":0,"comment_status":"closed","ping_status":"open","sticky":false,"template":"","format":"standard","meta":{"footnotes":""},"categories":[8],"tags":[118,175],"class_list":{"0":"post-5824","1":"post","2":"type-post","3":"status-publish","4":"format-standard","6":"category-nacionales","7":"tag-argentina","8":"tag-elecciones-2023"},"_links":{"self":[{"href":"http:\/\/zoomproducciones.com.ar\/zoomp\/wp-json\/wp\/v2\/posts\/5824","targetHints":{"allow":["GET"]}}],"collection":[{"href":"http:\/\/zoomproducciones.com.ar\/zoomp\/wp-json\/wp\/v2\/posts"}],"about":[{"href":"http:\/\/zoomproducciones.com.ar\/zoomp\/wp-json\/wp\/v2\/types\/post"}],"author":[{"embeddable":true,"href":"http:\/\/zoomproducciones.com.ar\/zoomp\/wp-json\/wp\/v2\/users\/2"}],"replies":[{"embeddable":true,"href":"http:\/\/zoomproducciones.com.ar\/zoomp\/wp-json\/wp\/v2\/comments?post=5824"}],"version-history":[{"count":2,"href":"http:\/\/zoomproducciones.com.ar\/zoomp\/wp-json\/wp\/v2\/posts\/5824\/revisions"}],"predecessor-version":[{"id":5831,"href":"http:\/\/zoomproducciones.com.ar\/zoomp\/wp-json\/wp\/v2\/posts\/5824\/revisions\/5831"}],"wp:attachment":[{"href":"http:\/\/zoomproducciones.com.ar\/zoomp\/wp-json\/wp\/v2\/media?parent=5824"}],"wp:term":[{"taxonomy":"category","embeddable":true,"href":"http:\/\/zoomproducciones.com.ar\/zoomp\/wp-json\/wp\/v2\/categories?post=5824"},{"taxonomy":"post_tag","embeddable":true,"href":"http:\/\/zoomproducciones.com.ar\/zoomp\/wp-json\/wp\/v2\/tags?post=5824"}],"curies":[{"name":"wp","href":"https:\/\/api.w.org\/{rel}","templated":true}]}}