{"id":5822,"date":"2023-05-24T09:55:45","date_gmt":"2023-05-24T12:55:45","guid":{"rendered":"http:\/\/zoomproducciones.com.ar\/zoomp\/?p=5822"},"modified":"2023-05-24T09:55:46","modified_gmt":"2023-05-24T12:55:46","slug":"con-aumento-comienza-el-pago-de-sueldos-para-provinciales","status":"publish","type":"post","link":"http:\/\/zoomproducciones.com.ar\/zoomp\/con-aumento-comienza-el-pago-de-sueldos-para-provinciales\/","title":{"rendered":"Con aumento: comienza el pago de sueldos para provinciales"},"content":{"rendered":"\n<p>Este mi\u00e9rcoles comenzar\u00e1 el pago de sueldos correspondiente al mes de Mayo para trabajadores provinciales y jubilados. El cronograma se dividir\u00e1 por terminaci\u00f3n de DNI finalizando el mi\u00e9rcoles pr\u00f3ximo a causa del feriado largo. En cajeros estar\u00e1 disponible desde el jueves 25.<\/p>\n\n\n\n<p>Los trabajadores podr\u00e1n cobrar su sueldo con el&nbsp;<a href=\"http:\/\/zoomproducciones.com.ar\/zoomp\/en-detalle-como-impacta-el-aumento-del-10-en-los-empleados-estatales\/\">aumento del 10%<\/a>&nbsp;decretado la semana pasada.<\/p>\n\n\n\n<h2 class=\"wp-block-heading\">Cronograma:<\/h2>\n\n\n\n<ul class=\"wp-block-list\">\n<li>Mi\u00e9rcoles 24: 0 y 1<\/li>\n\n\n\n<li>Lunes 29: 2, 3, 4 y 5*<\/li>\n\n\n\n<li>Martes 30: 6 y 7<\/li>\n\n\n\n<li>Mi\u00e9rcoles 31: 8 y 9<\/li>\n\n\n\n<li>En cajeros, jueves 25.<\/li>\n<\/ul>\n","protected":false},"excerpt":{"rendered":"<p>Este mi\u00e9rcoles comenzar\u00e1 el pago de sueldos correspondiente al mes de Mayo para trabajadores provinciales y jubilados. El cronograma se dividir\u00e1 por terminaci\u00f3n de DNI finalizando el mi\u00e9rcoles pr\u00f3ximo a causa del feriado largo. En cajeros estar\u00e1 disponible desde el jueves 25. Los trabajadores podr\u00e1n cobrar su sueldo con el&nbsp;aumento del 10%&nbsp;decretado la semana pasada. [&hellip;]<\/p>\n","protected":false},"author":2,"featured_media":0,"comment_status":"closed","ping_status":"open","sticky":false,"template":"","format":"standard","meta":{"footnotes":""},"categories":[3],"tags":[125,42,113],"class_list":{"0":"post-5822","1":"post","2":"type-post","3":"status-publish","4":"format-standard","6":"category-provinciales","7":"tag-corrientes","8":"tag-featured","9":"tag-gobierno-provincial"},"_links":{"self":[{"href":"http:\/\/zoomproducciones.com.ar\/zoomp\/wp-json\/wp\/v2\/posts\/5822","targetHints":{"allow":["GET"]}}],"collection":[{"href":"http:\/\/zoomproducciones.com.ar\/zoomp\/wp-json\/wp\/v2\/posts"}],"about":[{"href":"http:\/\/zoomproducciones.com.ar\/zoomp\/wp-json\/wp\/v2\/types\/post"}],"author":[{"embeddable":true,"href":"http:\/\/zoomproducciones.com.ar\/zoomp\/wp-json\/wp\/v2\/users\/2"}],"replies":[{"embeddable":true,"href":"http:\/\/zoomproducciones.com.ar\/zoomp\/wp-json\/wp\/v2\/comments?post=5822"}],"version-history":[{"count":1,"href":"http:\/\/zoomproducciones.com.ar\/zoomp\/wp-json\/wp\/v2\/posts\/5822\/revisions"}],"predecessor-version":[{"id":5823,"href":"http:\/\/zoomproducciones.com.ar\/zoomp\/wp-json\/wp\/v2\/posts\/5822\/revisions\/5823"}],"wp:attachment":[{"href":"http:\/\/zoomproducciones.com.ar\/zoomp\/wp-json\/wp\/v2\/media?parent=5822"}],"wp:term":[{"taxonomy":"category","embeddable":true,"href":"http:\/\/zoomproducciones.com.ar\/zoomp\/wp-json\/wp\/v2\/categories?post=5822"},{"taxonomy":"post_tag","embeddable":true,"href":"http:\/\/zoomproducciones.com.ar\/zoomp\/wp-json\/wp\/v2\/tags?post=5822"}],"curies":[{"name":"wp","href":"https:\/\/api.w.org\/{rel}","templated":true}]}}