{"id":5819,"date":"2023-05-24T09:52:21","date_gmt":"2023-05-24T12:52:21","guid":{"rendered":"http:\/\/zoomproducciones.com.ar\/zoomp\/?p=5819"},"modified":"2023-05-24T10:17:52","modified_gmt":"2023-05-24T13:17:52","slug":"caso-griselda-blanco-imputaron-por-femicidio-a-una-ex-pareja-de-la-victima","status":"publish","type":"post","link":"http:\/\/zoomproducciones.com.ar\/zoomp\/caso-griselda-blanco-imputaron-por-femicidio-a-una-ex-pareja-de-la-victima\/","title":{"rendered":"Caso Griselda Blanco: imputaron por femicidio a una ex pareja de la v\u00edctima"},"content":{"rendered":"\n<p>Sus hijos insisten en que contin\u00faen la investigaci\u00f3n por otras l\u00edneas.<\/p>\n\n\n\n<p>Este martes el Ministerio P\u00fablico Fiscal inform\u00f3 que imput\u00f3 con prisi\u00f3n preventiva a la expareja de la periodista. Se trata de Armando Jara, ex compa\u00f1ero de trabajo de Griselda. \u00bbConsidero que no hay elementos suficientes para que se haya dictado la prisi\u00f3n preventiva\u201d expres\u00f3 el abogado del acusado a Radio Sudamericana.<\/p>\n\n\n\n<figure class=\"wp-block-embed is-type-rich is-provider-twitter wp-block-embed-twitter\"><div class=\"wp-block-embed__wrapper\">\n<blockquote class=\"twitter-tweet\" data-width=\"550\" data-dnt=\"true\"><p lang=\"es\" dir=\"ltr\">[AHORA] La fiscal de la Unidad Fiscal de Investigaciones Concretas (UFIC) de Curuz\u00fa Cuat\u00eda, doctora Mar\u00eda Jos\u00e9 Barrero Sahag\u00fan formaliza en estos momentos la imputaci\u00f3n de Armando Jara por el delito de homicidio agravado por la relaci\u00f3n de pareja (femicidio),<br>[sigue]<\/p>&mdash; Ministerio P\u00fablico Corrientes (@infominpublico) <a href=\"https:\/\/twitter.com\/infominpublico\/status\/1661131544478601216?ref_src=twsrc%5Etfw\">May 23, 2023<\/a><\/blockquote><script async src=\"https:\/\/platform.twitter.com\/widgets.js\" charset=\"utf-8\"><\/script>\n<\/div><\/figure>\n\n\n\n<h2 class=\"wp-block-heading\">\u00bfPor qu\u00e9 Jara est\u00e1 en la mira?<\/h2>\n\n\n\n<p>Seg\u00fan la investigaci\u00f3n, Jara ser\u00eda sospechoso porque una c\u00e1mara de seguridad, cercana a su hogar, lo capt\u00f3 ingresando a la vivienda unos 20 minutos despu\u00e9s del homicidio. <\/p>\n\n\n\n<p>Este martes, Jara declar\u00f3 ante la fiscal\u00eda y, aproximadamente dos horas despu\u00e9s, se hizo p\u00fablica su prisi\u00f3n preventiva. \u00abFaltan muchos elementos de prueba, considero que no hay elementos suficientes para que se haya dictado la prisi\u00f3n preventiva\u201d confirm\u00f3 el abogado a Sudamericana.<\/p>\n\n\n\n<p>Para el Doctor, no existen tales pruebas que inculpar\u00edan a Jara y acus\u00f3 que tomaron una decisi\u00f3n apresurada. <\/p>\n\n\n\n<p>A\u00fan faltan conocerse los resultados del ADN encontrado en la escena y estos podr\u00e1n determinar si Armando Jara, expareja de la v\u00edctima, es el autor del homicidio. En tanto, apuestan a obtener valiosa informaci\u00f3n de los celulares secuestrados que est\u00e1n siendo peritados.<\/p>\n","protected":false},"excerpt":{"rendered":"<p>Sus hijos insisten en que contin\u00faen la investigaci\u00f3n por otras l\u00edneas. Este martes el Ministerio P\u00fablico Fiscal inform\u00f3 que imput\u00f3 con prisi\u00f3n preventiva a la expareja de la periodista. Se trata de Armando Jara, ex compa\u00f1ero de trabajo de Griselda. \u00bbConsidero que no hay elementos suficientes para que se haya dictado la prisi\u00f3n preventiva\u201d expres\u00f3 [&hellip;]<\/p>\n","protected":false},"author":2,"featured_media":0,"comment_status":"closed","ping_status":"open","sticky":false,"template":"","format":"standard","meta":{"footnotes":""},"categories":[3],"tags":[125,42,122],"class_list":{"0":"post-5819","1":"post","2":"type-post","3":"status-publish","4":"format-standard","6":"category-provinciales","7":"tag-corrientes","8":"tag-featured","9":"tag-policiales"},"_links":{"self":[{"href":"http:\/\/zoomproducciones.com.ar\/zoomp\/wp-json\/wp\/v2\/posts\/5819","targetHints":{"allow":["GET"]}}],"collection":[{"href":"http:\/\/zoomproducciones.com.ar\/zoomp\/wp-json\/wp\/v2\/posts"}],"about":[{"href":"http:\/\/zoomproducciones.com.ar\/zoomp\/wp-json\/wp\/v2\/types\/post"}],"author":[{"embeddable":true,"href":"http:\/\/zoomproducciones.com.ar\/zoomp\/wp-json\/wp\/v2\/users\/2"}],"replies":[{"embeddable":true,"href":"http:\/\/zoomproducciones.com.ar\/zoomp\/wp-json\/wp\/v2\/comments?post=5819"}],"version-history":[{"count":1,"href":"http:\/\/zoomproducciones.com.ar\/zoomp\/wp-json\/wp\/v2\/posts\/5819\/revisions"}],"predecessor-version":[{"id":5821,"href":"http:\/\/zoomproducciones.com.ar\/zoomp\/wp-json\/wp\/v2\/posts\/5819\/revisions\/5821"}],"wp:attachment":[{"href":"http:\/\/zoomproducciones.com.ar\/zoomp\/wp-json\/wp\/v2\/media?parent=5819"}],"wp:term":[{"taxonomy":"category","embeddable":true,"href":"http:\/\/zoomproducciones.com.ar\/zoomp\/wp-json\/wp\/v2\/categories?post=5819"},{"taxonomy":"post_tag","embeddable":true,"href":"http:\/\/zoomproducciones.com.ar\/zoomp\/wp-json\/wp\/v2\/tags?post=5819"}],"curies":[{"name":"wp","href":"https:\/\/api.w.org\/{rel}","templated":true}]}}