{"id":5793,"date":"2023-05-23T16:18:07","date_gmt":"2023-05-23T19:18:07","guid":{"rendered":"http:\/\/zoomproducciones.com.ar\/zoomp\/?p=5793"},"modified":"2023-05-23T16:27:20","modified_gmt":"2023-05-23T19:27:20","slug":"el-caso-de-nehemias-llego-al-concejo-discusiones-entre-el-oficialismo-y-la-oposicion","status":"publish","type":"post","link":"http:\/\/zoomproducciones.com.ar\/zoomp\/el-caso-de-nehemias-llego-al-concejo-discusiones-entre-el-oficialismo-y-la-oposicion\/","title":{"rendered":"El caso de Nehem\u00edas lleg\u00f3 al concejo: discusiones entre el oficialismo y la oposici\u00f3n"},"content":{"rendered":"\n<p>En la sesi\u00f3n de este martes se trataron dos cuestiones relacionadas al caso Nehem\u00edas. Por un lado, una nota presentada por la madre del menor; y por el otro, un proyecto del Frente de Todos en donde piden respuestas al Ministerio de Salud de la Provincia. <\/p>\n\n\n\n<p>La nota de Soledad Torres, mam\u00e1 de Nehem\u00edas, lleg\u00f3 por petici\u00f3n particular y expresa el pedido de distituci\u00f3n de los funcionarios que estuvieron en el momento que atendieron a su hijo. <\/p>\n\n\n\n<p>El proyecto, presentado por el oficialismo, solicita respuestas al Ministro de Salud, Ricardo Cardozo, y a toda la cartera sobre qu\u00e9 decisiones tom\u00f3 el Hospital tras el suceso. <\/p>\n\n\n\n<h2 class=\"wp-block-heading\">Discusiones<\/h2>\n\n\n\n<p>La discusi\u00f3n comenz\u00f3 cuando los concejales de ECO + Vamos Corrientes solicitaron que se incluya el pedido de informe del Frente de Todos al orden del d\u00eda, para tratarlo en la misma jornada y elevarlo. Por sorpresa de la oposici\u00f3n, el oficialismo se neg\u00f3.<\/p>\n\n\n\n<p>Los concejales del FdT instaron a que el proyecto pase a una Comisi\u00f3n en simultaneo, entre la Comisi\u00f3n Legislativa y la Comisi\u00f3n de Salud, por lo que el tratamiento del proyecto se demorar\u00eda, por lo menos, una semana m\u00e1s. Seg\u00fan el oficialismo, la decisi\u00f3n se basa en la b\u00fasqueda de m\u00e1s opiniones relacionadas al manejo del Hospital. <\/p>\n\n\n\n<p>Esto gener\u00f3 molestias en la oposici\u00f3n por no comprender la decisi\u00f3n del FdT, ya que, seg\u00fan los concejales de ECO + Vamos Corrientes, lo pertinente ser\u00eda haber tratado el proyecto en el d\u00eda para que el informe llegue efectivamente desde este martes al Ministerio. <\/p>\n\n\n\n<h2 class=\"wp-block-heading\">\u00bfQu\u00e9 se resolvi\u00f3?<\/h2>\n\n\n\n<p>Finalmente, la nota de Soledad Torres pasa a Comisi\u00f3n de Salud pero, de todos modos, se adjunta al proyecto de informe del Frente de Todos que, por mayor\u00eda de votos por parte del oficialismo, se tratar\u00e1 en una comisi\u00f3n en simultaneo. <\/p>\n","protected":false},"excerpt":{"rendered":"<p>En la sesi\u00f3n de este martes se trataron dos cuestiones relacionadas al caso Nehem\u00edas. Por un lado, una nota presentada por la madre del menor; y por el otro, un proyecto del Frente de Todos en donde piden respuestas al Ministerio de Salud de la Provincia. La nota de Soledad Torres, mam\u00e1 de Nehem\u00edas, lleg\u00f3 [&hellip;]<\/p>\n","protected":false},"author":2,"featured_media":0,"comment_status":"closed","ping_status":"open","sticky":false,"template":"","format":"standard","meta":{"footnotes":""},"categories":[5],"tags":[136,42,116],"class_list":{"0":"post-5793","1":"post","2":"type-post","3":"status-publish","4":"format-standard","6":"category-locales","7":"tag-concejo-deliberante","8":"tag-featured","9":"tag-paso-de-los-libres"},"_links":{"self":[{"href":"http:\/\/zoomproducciones.com.ar\/zoomp\/wp-json\/wp\/v2\/posts\/5793","targetHints":{"allow":["GET"]}}],"collection":[{"href":"http:\/\/zoomproducciones.com.ar\/zoomp\/wp-json\/wp\/v2\/posts"}],"about":[{"href":"http:\/\/zoomproducciones.com.ar\/zoomp\/wp-json\/wp\/v2\/types\/post"}],"author":[{"embeddable":true,"href":"http:\/\/zoomproducciones.com.ar\/zoomp\/wp-json\/wp\/v2\/users\/2"}],"replies":[{"embeddable":true,"href":"http:\/\/zoomproducciones.com.ar\/zoomp\/wp-json\/wp\/v2\/comments?post=5793"}],"version-history":[{"count":4,"href":"http:\/\/zoomproducciones.com.ar\/zoomp\/wp-json\/wp\/v2\/posts\/5793\/revisions"}],"predecessor-version":[{"id":5801,"href":"http:\/\/zoomproducciones.com.ar\/zoomp\/wp-json\/wp\/v2\/posts\/5793\/revisions\/5801"}],"wp:attachment":[{"href":"http:\/\/zoomproducciones.com.ar\/zoomp\/wp-json\/wp\/v2\/media?parent=5793"}],"wp:term":[{"taxonomy":"category","embeddable":true,"href":"http:\/\/zoomproducciones.com.ar\/zoomp\/wp-json\/wp\/v2\/categories?post=5793"},{"taxonomy":"post_tag","embeddable":true,"href":"http:\/\/zoomproducciones.com.ar\/zoomp\/wp-json\/wp\/v2\/tags?post=5793"}],"curies":[{"name":"wp","href":"https:\/\/api.w.org\/{rel}","templated":true}]}}