{"id":5780,"date":"2023-05-23T08:25:52","date_gmt":"2023-05-23T11:25:52","guid":{"rendered":"http:\/\/zoomproducciones.com.ar\/zoomp\/?p=5780"},"modified":"2023-05-23T08:25:52","modified_gmt":"2023-05-23T11:25:52","slug":"dengue-asi-se-dividiran-los-operativos-de-descacharrado-esta-semana","status":"publish","type":"post","link":"http:\/\/zoomproducciones.com.ar\/zoomp\/dengue-asi-se-dividiran-los-operativos-de-descacharrado-esta-semana\/","title":{"rendered":"Dengue: as\u00ed se dividir\u00e1n los operativos de descacharrado esta semana"},"content":{"rendered":"\n<p>Esta semana se llevar\u00e1 a cabo importantes operativos de descacharrado en <strong>dos barrios de la ciudad <\/strong>con el objetivo de erradicar posibles criaderos de mosquitos. <\/p>\n\n\n\n<h2 class=\"wp-block-heading\">Martes 23\/05<\/h2>\n\n\n\n<p>Desde las 14 horas, se realizar\u00e1 la primera jornada de descacharrado en el barrio <strong>Libertador General San Mart\u00edn.<\/strong> <\/p>\n\n\n\n<h2 class=\"wp-block-heading\">Mi\u00e9rcoles 24\/05<\/h2>\n\n\n\n<p>En la jornada de ma\u00f1ana se llevar\u00e1 a cabo una segunda intervenci\u00f3n en el centro de la ciudad, espec\u00edficamente entre las <strong>calles Los 108 y San Mart\u00edn, desde Te\u00f3filo Niveyro y Col\u00f3n.<\/strong><\/p>\n\n\n\n<hr class=\"wp-block-separator has-alpha-channel-opacity\"\/>\n\n\n\n<p>El Municipio solicita a los vecinos que<strong> descarten cualquier objeto que pueda acumular agua en sus hogares.<\/strong> Los <strong>recipientes en desuso, neum\u00e1ticos, envases pl\u00e1sticos y todo tipo de objetos susceptibles de convertirse en criaderos de mosquitos<\/strong> deben ser eliminados adecuadamente para evitar la propagaci\u00f3n de enfermedades transmitidas por estos insectos.<\/p>\n\n\n\n<figure class=\"wp-block-image size-full\"><a href=\"http:\/\/zoomproducciones.com.ar\/zoomp\/wp-content\/uploads\/2023\/05\/image-81.png\"><img decoding=\"async\" src=\"http:\/\/zoomproducciones.com.ar\/zoomp\/wp-content\/uploads\/2023\/05\/image-81.png\" alt=\"\" class=\"wp-image-5781\"\/><\/a><\/figure>\n","protected":false},"excerpt":{"rendered":"<p>Esta semana se llevar\u00e1 a cabo importantes operativos de descacharrado en dos barrios de la ciudad con el objetivo de erradicar posibles criaderos de mosquitos. Martes 23\/05 Desde las 14 horas, se realizar\u00e1 la primera jornada de descacharrado en el barrio Libertador General San Mart\u00edn. Mi\u00e9rcoles 24\/05 En la jornada de ma\u00f1ana se llevar\u00e1 a [&hellip;]<\/p>\n","protected":false},"author":2,"featured_media":0,"comment_status":"closed","ping_status":"open","sticky":false,"template":"","format":"standard","meta":{"footnotes":""},"categories":[5],"tags":[451,42,115,116],"class_list":{"0":"post-5780","1":"post","2":"type-post","3":"status-publish","4":"format-standard","6":"category-locales","7":"tag-dengue","8":"tag-featured","9":"tag-municipalidad","10":"tag-paso-de-los-libres"},"_links":{"self":[{"href":"http:\/\/zoomproducciones.com.ar\/zoomp\/wp-json\/wp\/v2\/posts\/5780","targetHints":{"allow":["GET"]}}],"collection":[{"href":"http:\/\/zoomproducciones.com.ar\/zoomp\/wp-json\/wp\/v2\/posts"}],"about":[{"href":"http:\/\/zoomproducciones.com.ar\/zoomp\/wp-json\/wp\/v2\/types\/post"}],"author":[{"embeddable":true,"href":"http:\/\/zoomproducciones.com.ar\/zoomp\/wp-json\/wp\/v2\/users\/2"}],"replies":[{"embeddable":true,"href":"http:\/\/zoomproducciones.com.ar\/zoomp\/wp-json\/wp\/v2\/comments?post=5780"}],"version-history":[{"count":1,"href":"http:\/\/zoomproducciones.com.ar\/zoomp\/wp-json\/wp\/v2\/posts\/5780\/revisions"}],"predecessor-version":[{"id":5782,"href":"http:\/\/zoomproducciones.com.ar\/zoomp\/wp-json\/wp\/v2\/posts\/5780\/revisions\/5782"}],"wp:attachment":[{"href":"http:\/\/zoomproducciones.com.ar\/zoomp\/wp-json\/wp\/v2\/media?parent=5780"}],"wp:term":[{"taxonomy":"category","embeddable":true,"href":"http:\/\/zoomproducciones.com.ar\/zoomp\/wp-json\/wp\/v2\/categories?post=5780"},{"taxonomy":"post_tag","embeddable":true,"href":"http:\/\/zoomproducciones.com.ar\/zoomp\/wp-json\/wp\/v2\/tags?post=5780"}],"curies":[{"name":"wp","href":"https:\/\/api.w.org\/{rel}","templated":true}]}}