{"id":5755,"date":"2023-05-22T08:05:26","date_gmt":"2023-05-22T11:05:26","guid":{"rendered":"http:\/\/zoomproducciones.com.ar\/zoomp\/?p=5755"},"modified":"2023-05-22T08:05:27","modified_gmt":"2023-05-22T11:05:27","slug":"con-aumento-este-miercoles-comienza-el-pago-de-sueldo-para-provinciales","status":"publish","type":"post","link":"http:\/\/zoomproducciones.com.ar\/zoomp\/con-aumento-este-miercoles-comienza-el-pago-de-sueldo-para-provinciales\/","title":{"rendered":"Con aumento: este mi\u00e9rcoles comienza el pago de sueldo para provinciales"},"content":{"rendered":"\n<p>Este mi\u00e9rcoles comenzar\u00e1 el pago de sueldos correspondiente al mes de Mayo para trabajadores provinciales y jubilados. El cronograma se dividir\u00e1 por terminaci\u00f3n de DNI finalizando el mi\u00e9rcoles pr\u00f3ximo a causa del feriado largo. En cajeros estar\u00e1 disponible desde el jueves 25.<\/p>\n\n\n\n<p>Los trabajadores podr\u00e1n cobrar su sueldo con el <a href=\"http:\/\/zoomproducciones.com.ar\/zoomp\/en-detalle-como-impacta-el-aumento-del-10-en-los-empleados-estatales\/\">aumento del 10%<\/a> decretado la semana pasada.<\/p>\n\n\n\n<h2 class=\"wp-block-heading\">Cronograma:<\/h2>\n\n\n\n<ul class=\"wp-block-list\">\n<li>Mi\u00e9rcoles 24: 0 y 1<\/li>\n\n\n\n<li>Lunes 29: 2, 3, 4 y 5*<\/li>\n\n\n\n<li>Martes 30: 6 y 7<\/li>\n\n\n\n<li>Mi\u00e9rcoles 31: 8 y 9<\/li>\n\n\n\n<li>En cajeros, jueves 25.<\/li>\n<\/ul>\n\n\n\n<p><\/p>\n","protected":false},"excerpt":{"rendered":"<p>Este mi\u00e9rcoles comenzar\u00e1 el pago de sueldos correspondiente al mes de Mayo para trabajadores provinciales y jubilados. El cronograma se dividir\u00e1 por terminaci\u00f3n de DNI finalizando el mi\u00e9rcoles pr\u00f3ximo a causa del feriado largo. En cajeros estar\u00e1 disponible desde el jueves 25. Los trabajadores podr\u00e1n cobrar su sueldo con el aumento del 10% decretado la [&hellip;]<\/p>\n","protected":false},"author":2,"featured_media":0,"comment_status":"closed","ping_status":"open","sticky":false,"template":"","format":"standard","meta":{"footnotes":""},"categories":[3],"tags":[125,42,113,123],"class_list":{"0":"post-5755","1":"post","2":"type-post","3":"status-publish","4":"format-standard","6":"category-provinciales","7":"tag-corrientes","8":"tag-featured","9":"tag-gobierno-provincial","10":"tag-gustavo-valdes"},"_links":{"self":[{"href":"http:\/\/zoomproducciones.com.ar\/zoomp\/wp-json\/wp\/v2\/posts\/5755","targetHints":{"allow":["GET"]}}],"collection":[{"href":"http:\/\/zoomproducciones.com.ar\/zoomp\/wp-json\/wp\/v2\/posts"}],"about":[{"href":"http:\/\/zoomproducciones.com.ar\/zoomp\/wp-json\/wp\/v2\/types\/post"}],"author":[{"embeddable":true,"href":"http:\/\/zoomproducciones.com.ar\/zoomp\/wp-json\/wp\/v2\/users\/2"}],"replies":[{"embeddable":true,"href":"http:\/\/zoomproducciones.com.ar\/zoomp\/wp-json\/wp\/v2\/comments?post=5755"}],"version-history":[{"count":1,"href":"http:\/\/zoomproducciones.com.ar\/zoomp\/wp-json\/wp\/v2\/posts\/5755\/revisions"}],"predecessor-version":[{"id":5756,"href":"http:\/\/zoomproducciones.com.ar\/zoomp\/wp-json\/wp\/v2\/posts\/5755\/revisions\/5756"}],"wp:attachment":[{"href":"http:\/\/zoomproducciones.com.ar\/zoomp\/wp-json\/wp\/v2\/media?parent=5755"}],"wp:term":[{"taxonomy":"category","embeddable":true,"href":"http:\/\/zoomproducciones.com.ar\/zoomp\/wp-json\/wp\/v2\/categories?post=5755"},{"taxonomy":"post_tag","embeddable":true,"href":"http:\/\/zoomproducciones.com.ar\/zoomp\/wp-json\/wp\/v2\/tags?post=5755"}],"curies":[{"name":"wp","href":"https:\/\/api.w.org\/{rel}","templated":true}]}}