{"id":5741,"date":"2023-05-21T11:08:14","date_gmt":"2023-05-21T14:08:14","guid":{"rendered":"http:\/\/zoomproducciones.com.ar\/zoomp\/?p=5741"},"modified":"2023-05-21T11:08:14","modified_gmt":"2023-05-21T14:08:14","slug":"el-descargo-de-ferreira-dame-pronto-se-va-a-saber-la-verdad","status":"publish","type":"post","link":"http:\/\/zoomproducciones.com.ar\/zoomp\/el-descargo-de-ferreira-dame-pronto-se-va-a-saber-la-verdad\/","title":{"rendered":"El descargo de Ferreira Dame: \u00bbpronto se va a saber la verdad\u00bb"},"content":{"rendered":"\n<p>El Director del Hospital San Jos\u00e9 comparti\u00f3 un comunicado por redes sociales sobre el caso Nehem\u00edas y las acusaciones al centro de salud. \u00bbLA VERDAD se va a saber, <strong>la justicia es quien lo va determina<\/strong>r y que quienes saben de nuestra labor, en el fondo conocen la verdad tambi\u00e9n\u00bb expres\u00f3.<\/p>\n\n\n\n<h2 class=\"wp-block-heading\">Texto completo<\/h2>\n\n\n\n<p>\u00bbEstos d\u00edas volvimos a ser <strong>humillados, atacados y amenazados<\/strong> en cuanto medio aparec\u00eda, en redes sociales y en forma presencial, por personas que desconocen de procedimientos m\u00e9dicos y que no poseen criterio profesional para decir las barbaridades que dicen\u00bb expres\u00f3 en primer lugar el profesional.<\/p>\n\n\n\n<p>\u00bbEsta vez <strong>no voy a hablar m\u00e1s de las actuaciones que se realizaron en el hospital,<\/strong> por respeto al dolor de la familia y porque es en la justicia donde corresponde hacerlo ahora\u00bb explic\u00f3 y a\u00f1adi\u00f3: \u00bbquiero decirles que <strong>estoy enteramente a disposici\u00f3n de la justicia y conf\u00edo en que pronto se va saber \u201cLA VERDAD\u201d<\/strong> y se va a conocer las causas que llevaron a este desenlace tan triste y doloroso\u00bb.<\/p>\n\n\n\n<h3 class=\"wp-block-heading\">Sobre la familia de Nehem\u00edas<\/h3>\n\n\n\n<p>\u00bb<strong>Intent\u00e9 en m\u00e1s de una oportunidad hablar con la familia<\/strong>, poder dar las respuestas que necesitaban, solidarizarme e intentar al menos que puedan comprender o no lo sucedido, para poder llevar adelante su duelo, intentos que en m\u00e1s de una oportunidad fueron rechazados\u00bb confes\u00f3. <\/p>\n\n\n\n<p>\u00bbLo que no iba a permitir de ninguna manera, es que de este dolor, POR QUE UN NI\u00d1O NOS DUELE A TODOS, <strong>se haga un show medi\u00e1tico<\/strong>, se expongan situaciones \u201cprivadas\u201d que la familia deb\u00eda conocer y menos que se lleve adelante entre gritos, amenazas, agresi\u00f3n e insultos\u00bb coment\u00f3 haciendo referencia al acampe.  <strong>\u00bbDe esa forma no se habla, cuando uno realmente quiere respuestas\u00bb.<\/strong><\/p>\n\n\n\n<h2 class=\"wp-block-heading\">\u00bbLa verdad se va a saber\u00bb<\/h2>\n\n\n\n<p>\u00bbTengo la suerte de tener una familia, amigos y tantas, pero tantas personas que me acompa\u00f1an, me env\u00edan mensajes, llamados y est\u00e1n&#8230;Tengo a Dios que me sostiene en cada momento de turbulencia y tambi\u00e9n <strong>tengo al gran personal del hospital que da lo mejor que puede<\/strong>\u00bb coment\u00f3.  <\/p>\n\n\n\n<p>El Director, tambi\u00e9n, env\u00edo un mensaje a los profesionales que trabajan en el Hospital San Jos\u00e9: \u00bbQue hay personal dif\u00edcil y problem\u00e1tico, \u00bfen qu\u00e9 instituci\u00f3n no lo hay? Pero <strong>no podemos negar que tenemos almas hermosas y dedicadas que atienden<\/strong>, que ponen lo mejor de s\u00ed, que nunca dicen no y est\u00e1n cuando se los necesita. A todos ellos les pido, n<strong>o bajemos los brazos y sigamos haciendo lo que nuestra vocaci\u00f3n nos dice<\/strong>\u00bb.<\/p>\n\n\n\n<p>\u00bbLA VERDAD se va a saber, <strong>la justicia es quien lo va determina<\/strong>r y que quienes saben de nuestra labor, en el fondo conocen la verdad tambi\u00e9n. A los mal intencionados y oportunistas, a quienes no suman y solo critican y agreden sin ning\u00fan aporte constructivo y respetuoso, ac\u00e1 no tendr\u00e1n lugar ni ser\u00e1n escuchados\u00bb finaliz\u00f3.<\/p>\n\n\n\n<iframe loading=\"lazy\" src=\"https:\/\/www.facebook.com\/plugins\/post.php?href=https%3A%2F%2Fwww.facebook.com%2Fjorgedaniel.ferreiradame%2Fposts%2Fpfbid0MJz9BBcCm7WP2XW2SdaNVmZTrRkSa8J9wLSxTmDcsDrbcHwCQWAHF42sBgxsQd5Fl&#038;show_text=true&#038;width=500\" width=\"500\" height=\"438\" style=\"border:none;overflow:hidden\" scrolling=\"no\" frameborder=\"0\" allowfullscreen=\"true\" allow=\"autoplay; clipboard-write; encrypted-media; picture-in-picture; web-share\"><\/iframe>\n","protected":false},"excerpt":{"rendered":"<p>El Director del Hospital San Jos\u00e9 comparti\u00f3 un comunicado por redes sociales sobre el caso Nehem\u00edas y las acusaciones al centro de salud. \u00bbLA VERDAD se va a saber, la justicia es quien lo va determinar y que quienes saben de nuestra labor, en el fondo conocen la verdad tambi\u00e9n\u00bb expres\u00f3. Texto completo \u00bbEstos d\u00edas [&hellip;]<\/p>\n","protected":false},"author":2,"featured_media":0,"comment_status":"closed","ping_status":"open","sticky":false,"template":"","format":"standard","meta":{"footnotes":""},"categories":[5],"tags":[42,157,116,122],"class_list":{"0":"post-5741","1":"post","2":"type-post","3":"status-publish","4":"format-standard","6":"category-locales","7":"tag-featured","8":"tag-hospital-san-jose","9":"tag-paso-de-los-libres","10":"tag-policiales"},"_links":{"self":[{"href":"http:\/\/zoomproducciones.com.ar\/zoomp\/wp-json\/wp\/v2\/posts\/5741","targetHints":{"allow":["GET"]}}],"collection":[{"href":"http:\/\/zoomproducciones.com.ar\/zoomp\/wp-json\/wp\/v2\/posts"}],"about":[{"href":"http:\/\/zoomproducciones.com.ar\/zoomp\/wp-json\/wp\/v2\/types\/post"}],"author":[{"embeddable":true,"href":"http:\/\/zoomproducciones.com.ar\/zoomp\/wp-json\/wp\/v2\/users\/2"}],"replies":[{"embeddable":true,"href":"http:\/\/zoomproducciones.com.ar\/zoomp\/wp-json\/wp\/v2\/comments?post=5741"}],"version-history":[{"count":1,"href":"http:\/\/zoomproducciones.com.ar\/zoomp\/wp-json\/wp\/v2\/posts\/5741\/revisions"}],"predecessor-version":[{"id":5742,"href":"http:\/\/zoomproducciones.com.ar\/zoomp\/wp-json\/wp\/v2\/posts\/5741\/revisions\/5742"}],"wp:attachment":[{"href":"http:\/\/zoomproducciones.com.ar\/zoomp\/wp-json\/wp\/v2\/media?parent=5741"}],"wp:term":[{"taxonomy":"category","embeddable":true,"href":"http:\/\/zoomproducciones.com.ar\/zoomp\/wp-json\/wp\/v2\/categories?post=5741"},{"taxonomy":"post_tag","embeddable":true,"href":"http:\/\/zoomproducciones.com.ar\/zoomp\/wp-json\/wp\/v2\/tags?post=5741"}],"curies":[{"name":"wp","href":"https:\/\/api.w.org\/{rel}","templated":true}]}}