{"id":5726,"date":"2023-05-19T15:35:12","date_gmt":"2023-05-19T18:35:12","guid":{"rendered":"http:\/\/zoomproducciones.com.ar\/zoomp\/?p=5726"},"modified":"2023-05-19T15:35:13","modified_gmt":"2023-05-19T18:35:13","slug":"en-detalle-como-impacta-el-aumento-del-10-en-los-empleados-estatales","status":"publish","type":"post","link":"http:\/\/zoomproducciones.com.ar\/zoomp\/en-detalle-como-impacta-el-aumento-del-10-en-los-empleados-estatales\/","title":{"rendered":"En detalle: c\u00f3mo impacta el aumento del 10% en los empleados estatales"},"content":{"rendered":"\n<p>El ministro de Econom\u00eda, Marcelo Rivas Piasentini, detall\u00f3 que los empleados estatales de Corrientes cobrar\u00e1n un aumento del 10% en el mes de mayo. Se trata del tercer aumento del 2023,\u00a0<strong>llegando a un incremento total del 60 por ciento en lo que va del a\u00f1o.\u00a0<\/strong><\/p>\n\n\n\n<p>La medida alcanza a\u00a0estatales activos y jubilados y se ver\u00e1 impactado tambi\u00e9n en el aguinaldo.<\/p>\n\n\n\n<figure class=\"wp-block-embed is-type-video is-provider-youtube wp-block-embed-youtube wp-embed-aspect-16-9 wp-has-aspect-ratio\"><div class=\"wp-block-embed__wrapper\">\n<iframe loading=\"lazy\"  id=\"_ytid_62534\"  width=\"1000\" height=\"562\"  data-origwidth=\"1000\" data-origheight=\"562\" src=\"https:\/\/www.youtube.com\/embed\/LXhziwinzl8?enablejsapi=1&#038;autoplay=0&#038;cc_load_policy=0&#038;cc_lang_pref=&#038;iv_load_policy=1&#038;loop=0&#038;rel=1&#038;fs=1&#038;playsinline=0&#038;autohide=2&#038;theme=dark&#038;color=red&#038;controls=1&#038;disablekb=0&#038;\" class=\"__youtube_prefs__  epyt-is-override  no-lazyload\" title=\"YouTube player\"  allow=\"fullscreen; accelerometer; autoplay; clipboard-write; encrypted-media; gyroscope; picture-in-picture; web-share\" referrerpolicy=\"strict-origin-when-cross-origin\" allowfullscreen data-no-lazy=\"1\" data-skipgform_ajax_framebjll=\"\"><\/iframe>\n<\/div><\/figure>\n\n\n\n<h3 class=\"wp-block-heading\"><strong>ADMINISTRACI\u00d3N GENERAL (NO INLUYE DOCENTES NI SEGURIDAD)<\/strong><\/h3>\n\n\n\n<p>Estos incrementos son de car\u00e1cter remunerativos:&nbsp;<\/p>\n\n\n\n<p>Mayo:&nbsp;Incremento de&nbsp;10%&nbsp;de la asignaci\u00f3n de clase de todas las categor\u00edas.<\/p>\n\n\n\n<p>Se incorporan&nbsp;$10.000&nbsp;netos de bolsillo al concepto 134 para todas las categor\u00edas.<\/p>\n\n\n\n<p>Se incrementa en $10.000 el concepto no remunerativo, no bonificable para los&nbsp;Ex Combatientes de Malvinas.<\/p>\n\n\n\n<h3 class=\"wp-block-heading\"><strong>VIALIDAD PROVINCIAL<\/strong><\/h3>\n\n\n\n<p>Mayo:&nbsp;10%&nbsp;al valor del B\u00e1sico.<\/p>\n\n\n\n<h3 class=\"wp-block-heading\"><strong>SEGURIDAD<\/strong><\/h3>\n\n\n\n<p>Mayo:\u00a0incremento de\u00a010%\u00a0del\u00a0Valor Punto. Y se eleva el m\u00ednimo garantizado en\u00a010%\u00a0(El m\u00ednimo garantizado toma como referencia el grado de cabo de polic\u00eda).\u00a0$10.000\u00a0netos de bolsillo al concepto 179.<\/p>\n\n\n\n<p><strong>SALUD P\u00daBLICA<\/strong><\/p>\n\n\n\n<p>Mayo: Para las&nbsp;Guardias M\u00e9dicas 10% de incremento, mismo incremento para los&nbsp;Residentes (Provinciales y Nacionales), Becas de Fortalecimiento y Becas de Enfermer\u00eda. Esta mejora alcanza a los beneficiarios del programa M\u00e1s y Mejor Trabajo.<\/p>\n\n\n\n<h3 class=\"wp-block-heading\"><strong>SECTOR DOCENTE<\/strong><\/h3>\n\n\n\n<p>Mayo:\u00a0Incremento al b\u00e1sico de un 10%. Con esta mejora todos los docentes cobrar\u00e1n por encima de $165.000, el cual ser\u00eda el monto m\u00ednimo de bolsillo de un cargo testigo que reci\u00e9n se inicia en la actividad.<\/p>\n\n\n\n<p>Datos tomados de Radio Sudamericana.<\/p>\n","protected":false},"excerpt":{"rendered":"<p>El ministro de Econom\u00eda, Marcelo Rivas Piasentini, detall\u00f3 que los empleados estatales de Corrientes cobrar\u00e1n un aumento del 10% en el mes de mayo. Se trata del tercer aumento del 2023,\u00a0llegando a un incremento total del 60 por ciento en lo que va del a\u00f1o.\u00a0 La medida alcanza a\u00a0estatales activos y jubilados y se ver\u00e1 [&hellip;]<\/p>\n","protected":false},"author":2,"featured_media":0,"comment_status":"closed","ping_status":"open","sticky":false,"template":"","format":"standard","meta":{"footnotes":""},"categories":[3],"tags":[125,42,113],"class_list":{"0":"post-5726","1":"post","2":"type-post","3":"status-publish","4":"format-standard","6":"category-provinciales","7":"tag-corrientes","8":"tag-featured","9":"tag-gobierno-provincial"},"_links":{"self":[{"href":"http:\/\/zoomproducciones.com.ar\/zoomp\/wp-json\/wp\/v2\/posts\/5726","targetHints":{"allow":["GET"]}}],"collection":[{"href":"http:\/\/zoomproducciones.com.ar\/zoomp\/wp-json\/wp\/v2\/posts"}],"about":[{"href":"http:\/\/zoomproducciones.com.ar\/zoomp\/wp-json\/wp\/v2\/types\/post"}],"author":[{"embeddable":true,"href":"http:\/\/zoomproducciones.com.ar\/zoomp\/wp-json\/wp\/v2\/users\/2"}],"replies":[{"embeddable":true,"href":"http:\/\/zoomproducciones.com.ar\/zoomp\/wp-json\/wp\/v2\/comments?post=5726"}],"version-history":[{"count":1,"href":"http:\/\/zoomproducciones.com.ar\/zoomp\/wp-json\/wp\/v2\/posts\/5726\/revisions"}],"predecessor-version":[{"id":5728,"href":"http:\/\/zoomproducciones.com.ar\/zoomp\/wp-json\/wp\/v2\/posts\/5726\/revisions\/5728"}],"wp:attachment":[{"href":"http:\/\/zoomproducciones.com.ar\/zoomp\/wp-json\/wp\/v2\/media?parent=5726"}],"wp:term":[{"taxonomy":"category","embeddable":true,"href":"http:\/\/zoomproducciones.com.ar\/zoomp\/wp-json\/wp\/v2\/categories?post=5726"},{"taxonomy":"post_tag","embeddable":true,"href":"http:\/\/zoomproducciones.com.ar\/zoomp\/wp-json\/wp\/v2\/tags?post=5726"}],"curies":[{"name":"wp","href":"https:\/\/api.w.org\/{rel}","templated":true}]}}