{"id":5719,"date":"2023-05-19T15:16:27","date_gmt":"2023-05-19T18:16:27","guid":{"rendered":"http:\/\/zoomproducciones.com.ar\/zoomp\/?p=5719"},"modified":"2023-05-19T15:25:54","modified_gmt":"2023-05-19T18:25:54","slug":"gustavo-canteros-tenemos-que-trabajar-juntos-con-celeste-y-canteros-todos-juntos","status":"publish","type":"post","link":"http:\/\/zoomproducciones.com.ar\/zoomp\/gustavo-canteros-tenemos-que-trabajar-juntos-con-celeste-y-canteros-todos-juntos\/","title":{"rendered":"Gustavo Canteros: \u00bbtenemos que trabajar juntos, con Celeste y Canteros, todos juntos\u00bb"},"content":{"rendered":"\n<p>El candidato a diputado provincial, Gustavo Canteros, charl\u00f3 con Tire y Afloje para analizar las elecciones legislativas del pr\u00f3ximo 11 de junio. \u00abHoy tenemos <strong>una lista clara, contundente, con propuestas, con ideas.<\/strong> Esa es la conclusi\u00f3n\u00bb expres\u00f3.<\/p>\n\n\n\n<blockquote class=\"instagram-media\" data-instgrm-captioned data-instgrm-permalink=\"https:\/\/www.instagram.com\/p\/Csb0gJvgXuh\/?utm_source=ig_embed&amp;utm_campaign=loading\" data-instgrm-version=\"14\" style=\" background:#FFF; border:0; border-radius:3px; box-shadow:0 0 1px 0 rgba(0,0,0,0.5),0 1px 10px 0 rgba(0,0,0,0.15); margin: 1px; max-width:540px; min-width:326px; padding:0; width:99.375%; width:-webkit-calc(100% - 2px); width:calc(100% - 2px);\"><div style=\"padding:16px;\"> <a href=\"https:\/\/www.instagram.com\/p\/Csb0gJvgXuh\/?utm_source=ig_embed&amp;utm_campaign=loading\" style=\" background:#FFFFFF; line-height:0; padding:0 0; text-align:center; text-decoration:none; width:100%;\" target=\"_blank\" rel=\"noopener\"> <div style=\" display: flex; flex-direction: row; align-items: center;\"> <div style=\"background-color: #F4F4F4; border-radius: 50%; flex-grow: 0; height: 40px; margin-right: 14px; width: 40px;\"><\/div> <div style=\"display: flex; flex-direction: column; flex-grow: 1; justify-content: center;\"> <div style=\" background-color: #F4F4F4; border-radius: 4px; flex-grow: 0; height: 14px; margin-bottom: 6px; width: 100px;\"><\/div> <div style=\" background-color: #F4F4F4; border-radius: 4px; flex-grow: 0; height: 14px; width: 60px;\"><\/div><\/div><\/div><div style=\"padding: 19% 0;\"><\/div> <div style=\"display:block; height:50px; margin:0 auto 12px; width:50px;\"><svg width=\"50px\" height=\"50px\" viewBox=\"0 0 60 60\" version=\"1.1\" xmlns=\"https:\/\/www.w3.org\/2000\/svg\" xmlns:xlink=\"https:\/\/www.w3.org\/1999\/xlink\"><g stroke=\"none\" stroke-width=\"1\" fill=\"none\" fill-rule=\"evenodd\"><g transform=\"translate(-511.000000, -20.000000)\" fill=\"#000000\"><g><path d=\"M556.869,30.41 C554.814,30.41 553.148,32.076 553.148,34.131 C553.148,36.186 554.814,37.852 556.869,37.852 C558.924,37.852 560.59,36.186 560.59,34.131 C560.59,32.076 558.924,30.41 556.869,30.41 M541,60.657 C535.114,60.657 530.342,55.887 530.342,50 C530.342,44.114 535.114,39.342 541,39.342 C546.887,39.342 551.658,44.114 551.658,50 C551.658,55.887 546.887,60.657 541,60.657 M541,33.886 C532.1,33.886 524.886,41.1 524.886,50 C524.886,58.899 532.1,66.113 541,66.113 C549.9,66.113 557.115,58.899 557.115,50 C557.115,41.1 549.9,33.886 541,33.886 M565.378,62.101 C565.244,65.022 564.756,66.606 564.346,67.663 C563.803,69.06 563.154,70.057 562.106,71.106 C561.058,72.155 560.06,72.803 558.662,73.347 C557.607,73.757 556.021,74.244 553.102,74.378 C549.944,74.521 548.997,74.552 541,74.552 C533.003,74.552 532.056,74.521 528.898,74.378 C525.979,74.244 524.393,73.757 523.338,73.347 C521.94,72.803 520.942,72.155 519.894,71.106 C518.846,70.057 518.197,69.06 517.654,67.663 C517.244,66.606 516.755,65.022 516.623,62.101 C516.479,58.943 516.448,57.996 516.448,50 C516.448,42.003 516.479,41.056 516.623,37.899 C516.755,34.978 517.244,33.391 517.654,32.338 C518.197,30.938 518.846,29.942 519.894,28.894 C520.942,27.846 521.94,27.196 523.338,26.654 C524.393,26.244 525.979,25.756 528.898,25.623 C532.057,25.479 533.004,25.448 541,25.448 C548.997,25.448 549.943,25.479 553.102,25.623 C556.021,25.756 557.607,26.244 558.662,26.654 C560.06,27.196 561.058,27.846 562.106,28.894 C563.154,29.942 563.803,30.938 564.346,32.338 C564.756,33.391 565.244,34.978 565.378,37.899 C565.522,41.056 565.552,42.003 565.552,50 C565.552,57.996 565.522,58.943 565.378,62.101 M570.82,37.631 C570.674,34.438 570.167,32.258 569.425,30.349 C568.659,28.377 567.633,26.702 565.965,25.035 C564.297,23.368 562.623,22.342 560.652,21.575 C558.743,20.834 556.562,20.326 553.369,20.18 C550.169,20.033 549.148,20 541,20 C532.853,20 531.831,20.033 528.631,20.18 C525.438,20.326 523.257,20.834 521.349,21.575 C519.376,22.342 517.703,23.368 516.035,25.035 C514.368,26.702 513.342,28.377 512.574,30.349 C511.834,32.258 511.326,34.438 511.181,37.631 C511.035,40.831 511,41.851 511,50 C511,58.147 511.035,59.17 511.181,62.369 C511.326,65.562 511.834,67.743 512.574,69.651 C513.342,71.625 514.368,73.296 516.035,74.965 C517.703,76.634 519.376,77.658 521.349,78.425 C523.257,79.167 525.438,79.673 528.631,79.82 C531.831,79.965 532.853,80.001 541,80.001 C549.148,80.001 550.169,79.965 553.369,79.82 C556.562,79.673 558.743,79.167 560.652,78.425 C562.623,77.658 564.297,76.634 565.965,74.965 C567.633,73.296 568.659,71.625 569.425,69.651 C570.167,67.743 570.674,65.562 570.82,62.369 C570.966,59.17 571,58.147 571,50 C571,41.851 570.966,40.831 570.82,37.631\"><\/path><\/g><\/g><\/g><\/svg><\/div><div style=\"padding-top: 8px;\"> <div style=\" color:#3897f0; font-family:Arial,sans-serif; font-size:14px; font-style:normal; font-weight:550; line-height:18px;\">Ver esta publicaci\u00f3n en Instagram<\/div><\/div><div style=\"padding: 12.5% 0;\"><\/div> <div style=\"display: flex; flex-direction: row; margin-bottom: 14px; align-items: center;\"><div> <div style=\"background-color: #F4F4F4; border-radius: 50%; height: 12.5px; width: 12.5px; transform: translateX(0px) translateY(7px);\"><\/div> <div style=\"background-color: #F4F4F4; height: 12.5px; transform: rotate(-45deg) translateX(3px) translateY(1px); width: 12.5px; flex-grow: 0; margin-right: 14px; margin-left: 2px;\"><\/div> <div style=\"background-color: #F4F4F4; border-radius: 50%; height: 12.5px; width: 12.5px; transform: translateX(9px) translateY(-18px);\"><\/div><\/div><div style=\"margin-left: 8px;\"> <div style=\" background-color: #F4F4F4; border-radius: 50%; flex-grow: 0; height: 20px; width: 20px;\"><\/div> <div style=\" width: 0; height: 0; border-top: 2px solid transparent; border-left: 6px solid #f4f4f4; border-bottom: 2px solid transparent; transform: translateX(16px) translateY(-4px) rotate(30deg)\"><\/div><\/div><div style=\"margin-left: auto;\"> <div style=\" width: 0px; border-top: 8px solid #F4F4F4; border-right: 8px solid transparent; transform: translateY(16px);\"><\/div> <div style=\" background-color: #F4F4F4; flex-grow: 0; height: 12px; width: 16px; transform: translateY(-4px);\"><\/div> <div style=\" width: 0; height: 0; border-top: 8px solid #F4F4F4; border-left: 8px solid transparent; transform: translateY(-4px) translateX(8px);\"><\/div><\/div><\/div> <div style=\"display: flex; flex-direction: column; flex-grow: 1; justify-content: center; margin-bottom: 24px;\"> <div style=\" background-color: #F4F4F4; border-radius: 4px; flex-grow: 0; height: 14px; margin-bottom: 6px; width: 224px;\"><\/div> <div style=\" background-color: #F4F4F4; border-radius: 4px; flex-grow: 0; height: 14px; width: 144px;\"><\/div><\/div><\/a><p style=\" color:#c9c8cd; font-family:Arial,sans-serif; font-size:14px; line-height:17px; margin-bottom:0; margin-top:8px; overflow:hidden; padding:8px 0 7px; text-align:center; text-overflow:ellipsis; white-space:nowrap;\"><a href=\"https:\/\/www.instagram.com\/p\/Csb0gJvgXuh\/?utm_source=ig_embed&amp;utm_campaign=loading\" style=\" color:#c9c8cd; font-family:Arial,sans-serif; font-size:14px; font-style:normal; font-weight:normal; line-height:17px; text-decoration:none;\" target=\"_blank\" rel=\"noopener\">Una publicaci\u00f3n compartida por Zoom Producciones (@zoomproduccioneslibres)<\/a><\/p><\/div><\/blockquote> <script async src=\"\/\/www.instagram.com\/embed.js\"><\/script>\n\n\n\n<h2 class=\"wp-block-heading\">La lista del Frente de Todos<\/h2>\n\n\n\n<p>Al ser consultado sobre la conformaci\u00f3n de la lista que el FdT present\u00f3 para los comicios del 11 de junio, Canteros reflexion\u00f3 de que se trata de \u00ab<strong>un frente que se concibi\u00f3<\/strong>,<strong> un frente Federal <\/strong>con representaci\u00f3n de <strong>hombres y mujeres de distintos lugares del interior y de la capital<\/strong>, gente joven, gente con experiencia, eso es lo que nosotros estamos presentando a la sociedad\u00bb.<\/p>\n\n\n\n<p>\u00abTratamos de presentar una lista federal y presentarla a la sociedad de esta manera, <strong>con propuestas, con ideas que tienen que ver con una conducta de futuro<\/strong>\u00bb coment\u00f3 el candidato y a\u00f1adi\u00f3: \u00abUna lista que habla de la <strong>energ\u00eda<\/strong>, de <strong>subsidiar la energ\u00eda en la Provincia de Corrientes<\/strong>, una lista que habla de <strong>una proyecci\u00f3n de vivienda, de generaci\u00f3n de empleo<\/strong>\u00ab.<\/p>\n\n\n\n<p>Sobre la negociaci\u00f3n de los lugares y posibles desacuerdos en el partido, el ex vice gobernador de Corrientes dijo: \u00abEsto <strong>es normal que suceda,<\/strong> en todos los frentes electorales siempre pasa esto. Yo tengo bastante experiencia y <strong>siempre hay gente que por alguna aspiraci\u00f3n<\/strong>, leg\u00edtima o no, <strong>pretende ocupar un lugar determinado y en ese sentido se denota al otro<\/strong>\u00ab.<\/p>\n\n\n\n<h2 class=\"wp-block-heading\">\u00bfQu\u00e9 se juega el FdT en estas elecciones?<\/h2>\n\n\n\n<p>\u00abEs importante porque <strong>va a marcar una bisagra<\/strong>, va a marcar un antes y despu\u00e9s en funci\u00f3n de los legisladores que asuman y de las p<strong>ropuestas que nosotros podamos acercar de cara a la provincia que queremos<\/strong>\u00bb coment\u00f3 Canteros.<\/p>\n\n\n\n<p>\u00abCon las cosas que est\u00e1n bien vamos a acompa\u00f1ar y l<strong>as cosas que est\u00e1n mal vamos a disentir y nos vamos a plantar. En los reclamos de los docentes vamos a estar, en los reclamos de la salud vamos a estar\u00bb<\/strong> analiz\u00f3. \u00abSiempre con respeto\u2026 <strong>no hace falta denostar al adversario pol\u00edtico cuando se piensa distinto.<\/strong> Nosotros estamos en una construcci\u00f3n sana\u00bb.<\/p>\n\n\n\n<h2 class=\"wp-block-heading\">Cr\u00edticas al gobierno provincial<\/h2>\n\n\n\n<p>\u00bb<strong>No coincidimos con el gobierno de la provincia, m\u00e1s que nada por el sector p\u00fablico<\/strong>. Un sector p\u00fablico bastante vapuleado\u00bb expres\u00f3. \u00ab<strong>La docencia<\/strong> es un sector muy sensible que est\u00e1 con reclamos fuertes\u2026 la precarizaci\u00f3n que hay en la<strong> salud<\/strong>\u2026 las <strong>fuerzas de seguridad<\/strong> no tienen nafta para poder circular en la ciudad\u2026 la <strong>DPEC<\/strong>\u00bb puntualiz\u00f3.<\/p>\n\n\n\n<p><strong>\u00abLos parques industriales est\u00e1n cerrados<\/strong>\u2026 se hablan de veinte parques industriales en la provincia, son hermosos carteles que est\u00e1n al frente de una ciudad, pero <strong>de contenido no hay nada<\/strong>\u00bb coment\u00f3 Canteros.<\/p>\n\n\n\n<h3 class=\"wp-block-heading\">\u00bfEn qu\u00e9 momento dej\u00f3 de coincidir con ECO?<\/h3>\n\n\n\n<p>\u00abYo siempre aspir\u00e9 a una provincia con desarrollo, una provincia con industrias, una provincia generadora de empleo\u00bb confes\u00f3. \u00ab<strong>Transcurrieron los a\u00f1os y nos dimos cuenta que nada cambiaba<\/strong>, nos dimos cuenta de que realmente<strong> es una pr\u00e9dica hacia afuera pero de contenido no hay nada<\/strong>\u00ab.<\/p>\n\n\n\n<p>\u00abAh\u00ed fue cuando tom\u00e9 la decisi\u00f3n de <strong>dejar Encuentro por Corrientes y sumarme a otro proyecto pol\u00edtico que es el Frente de Todos<\/strong>\u00bb reflexion\u00f3 Canteros. \u00abEstamos convencidos de que puede haber una provincia mejor\u00bb.<\/p>\n\n\n\n<p>\u00bfD\u00f3nde est\u00e1 la generaci\u00f3n de puestos de trabajo para los correntinos? <strong>Hoy somos la quinta provincia con la energ\u00eda m\u00e1s cara del pa\u00eds<\/strong> y <strong>no son capaces de decidir \u00abacompa\u00f1emos al industrial, al vecino, subsidiando la energ\u00eda\u00bb.<\/strong> La energ\u00eda puede ser subsidiada con las regal\u00edas de Salto Grande y Yacyret\u00e1\u00bb. <\/p>\n\n\n<div class=\"wp-block-image\">\n<figure class=\"aligncenter size-large is-resized\"><a href=\"https:\/\/instagram.com\/yo_rubens?igshid=MmJiY2I4NDBkZg==\"><img loading=\"lazy\" decoding=\"async\" src=\"http:\/\/zoomproducciones.com.ar\/zoomp\/wp-content\/uploads\/2023\/05\/IMG-20230517-WA0009-1024x1024.jpg\" alt=\"\" class=\"wp-image-5676\" width=\"279\" height=\"279\"\/><\/a><\/figure>\n<\/div>\n\n\n<h2 class=\"wp-block-heading\">\u00bfCorrientes es descriminada por el Gobierno Nacional?<\/h2>\n\n\n\n<p>\u00ab<strong>No hay una cuesti\u00f3n de descriminacion del gobierno nacional a la provincia<\/strong>. Si los sueldos se pagan en tiempo y forma es porque <strong>el gobierno nacional deposita mensualmente y diariamente lo que le corresponde a la coparticipaci\u00f3n federal<\/strong>\u00bb expres\u00f3 Gustavo Canteros. <\/p>\n\n\n\n<p>\u00abHay generaci\u00f3n de empleo a nivel nacional, hay obra p\u00fablica que se lleva adelante, hay intendencias destacadas como la de Paso de los Libres que est\u00e1n haciendo mucho\u00bb reflexion\u00f3. <strong>\u00abHay que decir las cosas como son\u00bb.<\/strong><\/p>\n\n\n\n<h2 class=\"wp-block-heading\">\u00bfPor qu\u00e9 postularse como diputado?<\/h2>\n\n\n\n<p>\u00bbPorque es una confirmaci\u00f3n de un frente, porque <strong>podemos dar a conocer la experiencia y la gente joven<\/strong>\u2026 t<strong>enemos que trabajar juntos, Celeste (Asc\u00faa), Canteros, todos juntos<\/strong>\u00ab. \u00abTenemos todas las condiciones para ser una de las mejores provincias del pa\u00eds\u00bb.<\/p>\n\n\n\n<hr class=\"wp-block-separator has-alpha-channel-opacity\"\/>\n\n\n\n<p>Para escuchar la entrevista completa pod\u00e9s hacerlo v\u00eda Youtube:<\/p>\n\n\n\n<figure class=\"wp-block-embed is-type-video is-provider-youtube wp-block-embed-youtube wp-embed-aspect-16-9 wp-has-aspect-ratio\"><div class=\"wp-block-embed__wrapper\">\n<iframe loading=\"lazy\"  id=\"_ytid_29311\"  width=\"1000\" height=\"562\"  data-origwidth=\"1000\" data-origheight=\"562\" src=\"https:\/\/www.youtube.com\/embed\/2ys3qNNA9uY?enablejsapi=1&#038;autoplay=0&#038;cc_load_policy=0&#038;cc_lang_pref=&#038;iv_load_policy=1&#038;loop=0&#038;rel=1&#038;fs=1&#038;playsinline=0&#038;autohide=2&#038;theme=dark&#038;color=red&#038;controls=1&#038;disablekb=0&#038;\" class=\"__youtube_prefs__  epyt-is-override  no-lazyload\" title=\"YouTube player\"  allow=\"fullscreen; accelerometer; autoplay; clipboard-write; encrypted-media; gyroscope; picture-in-picture; web-share\" referrerpolicy=\"strict-origin-when-cross-origin\" allowfullscreen data-no-lazy=\"1\" data-skipgform_ajax_framebjll=\"\"><\/iframe>\n<\/div><\/figure>\n","protected":false},"excerpt":{"rendered":"<p>El candidato a diputado provincial, Gustavo Canteros, charl\u00f3 con Tire y Afloje para analizar las elecciones legislativas del pr\u00f3ximo 11 de junio. \u00abHoy tenemos una lista clara, contundente, con propuestas, con ideas. Esa es la conclusi\u00f3n\u00bb expres\u00f3. Ver esta publicaci\u00f3n en Instagram Una publicaci\u00f3n compartida por Zoom Producciones (@zoomproduccioneslibres) La lista del Frente de Todos [&hellip;]<\/p>\n","protected":false},"author":2,"featured_media":0,"comment_status":"closed","ping_status":"open","sticky":false,"template":"","format":"video","meta":{"footnotes":""},"categories":[3],"tags":[421,42,442,476,116],"class_list":{"0":"post-5719","1":"post","2":"type-post","3":"status-publish","4":"format-video","6":"category-provinciales","7":"tag-elecciones-legislativas","8":"tag-featured","9":"tag-frente-de-todos","10":"tag-gustavo-canteros","11":"tag-paso-de-los-libres","12":"post_format-post-format-video"},"_links":{"self":[{"href":"http:\/\/zoomproducciones.com.ar\/zoomp\/wp-json\/wp\/v2\/posts\/5719","targetHints":{"allow":["GET"]}}],"collection":[{"href":"http:\/\/zoomproducciones.com.ar\/zoomp\/wp-json\/wp\/v2\/posts"}],"about":[{"href":"http:\/\/zoomproducciones.com.ar\/zoomp\/wp-json\/wp\/v2\/types\/post"}],"author":[{"embeddable":true,"href":"http:\/\/zoomproducciones.com.ar\/zoomp\/wp-json\/wp\/v2\/users\/2"}],"replies":[{"embeddable":true,"href":"http:\/\/zoomproducciones.com.ar\/zoomp\/wp-json\/wp\/v2\/comments?post=5719"}],"version-history":[{"count":3,"href":"http:\/\/zoomproducciones.com.ar\/zoomp\/wp-json\/wp\/v2\/posts\/5719\/revisions"}],"predecessor-version":[{"id":5725,"href":"http:\/\/zoomproducciones.com.ar\/zoomp\/wp-json\/wp\/v2\/posts\/5719\/revisions\/5725"}],"wp:attachment":[{"href":"http:\/\/zoomproducciones.com.ar\/zoomp\/wp-json\/wp\/v2\/media?parent=5719"}],"wp:term":[{"taxonomy":"category","embeddable":true,"href":"http:\/\/zoomproducciones.com.ar\/zoomp\/wp-json\/wp\/v2\/categories?post=5719"},{"taxonomy":"post_tag","embeddable":true,"href":"http:\/\/zoomproducciones.com.ar\/zoomp\/wp-json\/wp\/v2\/tags?post=5719"}],"curies":[{"name":"wp","href":"https:\/\/api.w.org\/{rel}","templated":true}]}}