{"id":5712,"date":"2023-05-19T07:57:21","date_gmt":"2023-05-19T10:57:21","guid":{"rendered":"http:\/\/zoomproducciones.com.ar\/zoomp\/?p=5712"},"modified":"2023-05-19T07:57:21","modified_gmt":"2023-05-19T10:57:21","slug":"aumento-del-10-este-viernes-se-conoceran-los-detalles","status":"publish","type":"post","link":"http:\/\/zoomproducciones.com.ar\/zoomp\/aumento-del-10-este-viernes-se-conoceran-los-detalles\/","title":{"rendered":"Aumento del 10%: este viernes se conocer\u00e1n los detalles"},"content":{"rendered":"\n<p>Marcelo Rivas Piasentini, Ministro de Hacienda y Finanzas de la provincia, brindar\u00e1 este viernes detalles de los aumentos salariales para los trabajadores estatales de\u00a0Corrientes. Est\u00e1 previsto que comience a las 10 am. Se trata del aumento que d\u00edas atr\u00e1s lo confirm\u00f3 Gustavo Vald\u00e9s.<\/p>\n\n\n\n<figure class=\"wp-block-image size-large is-resized\"><a href=\"http:\/\/zoomproducciones.com.ar\/zoomp\/wp-content\/uploads\/2023\/05\/image-71.png\"><img loading=\"lazy\" decoding=\"async\" src=\"http:\/\/zoomproducciones.com.ar\/zoomp\/wp-content\/uploads\/2023\/05\/image-71-576x1024.png\" alt=\"\" class=\"wp-image-5714\" width=\"464\" height=\"824\"\/><\/a><\/figure>\n\n\n\n<h2 class=\"wp-block-heading\">\u00bfQu\u00e9 dijo Vald\u00e9s?<\/h2>\n\n\n\n<p>Esta semana, el gobernador anunci\u00f3 un aumento del 10%, el cual impactar\u00e1 en todos los salarios de los trabajadores estatales y tambi\u00e9n en el aguinaldo. \u201cVemos con mucha preocupaci\u00f3n todo lo que est\u00e1 pasando con la inflaci\u00f3n\u00bb expres\u00f3 el mandatario a Radio Sudamericana.<\/p>\n\n\n\n<p><strong>\u201cVeo lo n\u00fameros de la inflaci\u00f3n y lo veo con preocupaci\u00f3n. La provincia de Corrientes tiene previsibilidad, tiene espalda, pero hay que tener mucho ojo con los salarios\u201d<\/strong>&nbsp;expres\u00f3 en comunicaci\u00f3n radial.<\/p>\n\n\n\n<p>Se trata del tercer aumento que se dar\u00e1 en el a\u00f1o y no descartan que haya nuevos.<strong>&nbsp;\u00bbVamos a tener mucha gente que no llega a fin de mes y trabaja en la Administraci\u00f3n P\u00fablic<\/strong>a\u00bb coment\u00f3 haciendo referencia a los motivos del aumento.<\/p>\n","protected":false},"excerpt":{"rendered":"<p>Marcelo Rivas Piasentini, Ministro de Hacienda y Finanzas de la provincia, brindar\u00e1 este viernes detalles de los aumentos salariales para los trabajadores estatales de\u00a0Corrientes. Est\u00e1 previsto que comience a las 10 am. Se trata del aumento que d\u00edas atr\u00e1s lo confirm\u00f3 Gustavo Vald\u00e9s. \u00bfQu\u00e9 dijo Vald\u00e9s? Esta semana, el gobernador anunci\u00f3 un aumento del 10%, [&hellip;]<\/p>\n","protected":false},"author":2,"featured_media":0,"comment_status":"closed","ping_status":"open","sticky":false,"template":"","format":"standard","meta":{"footnotes":""},"categories":[3],"tags":[125,42,113,123],"class_list":{"0":"post-5712","1":"post","2":"type-post","3":"status-publish","4":"format-standard","6":"category-provinciales","7":"tag-corrientes","8":"tag-featured","9":"tag-gobierno-provincial","10":"tag-gustavo-valdes"},"_links":{"self":[{"href":"http:\/\/zoomproducciones.com.ar\/zoomp\/wp-json\/wp\/v2\/posts\/5712","targetHints":{"allow":["GET"]}}],"collection":[{"href":"http:\/\/zoomproducciones.com.ar\/zoomp\/wp-json\/wp\/v2\/posts"}],"about":[{"href":"http:\/\/zoomproducciones.com.ar\/zoomp\/wp-json\/wp\/v2\/types\/post"}],"author":[{"embeddable":true,"href":"http:\/\/zoomproducciones.com.ar\/zoomp\/wp-json\/wp\/v2\/users\/2"}],"replies":[{"embeddable":true,"href":"http:\/\/zoomproducciones.com.ar\/zoomp\/wp-json\/wp\/v2\/comments?post=5712"}],"version-history":[{"count":1,"href":"http:\/\/zoomproducciones.com.ar\/zoomp\/wp-json\/wp\/v2\/posts\/5712\/revisions"}],"predecessor-version":[{"id":5716,"href":"http:\/\/zoomproducciones.com.ar\/zoomp\/wp-json\/wp\/v2\/posts\/5712\/revisions\/5716"}],"wp:attachment":[{"href":"http:\/\/zoomproducciones.com.ar\/zoomp\/wp-json\/wp\/v2\/media?parent=5712"}],"wp:term":[{"taxonomy":"category","embeddable":true,"href":"http:\/\/zoomproducciones.com.ar\/zoomp\/wp-json\/wp\/v2\/categories?post=5712"},{"taxonomy":"post_tag","embeddable":true,"href":"http:\/\/zoomproducciones.com.ar\/zoomp\/wp-json\/wp\/v2\/tags?post=5712"}],"curies":[{"name":"wp","href":"https:\/\/api.w.org\/{rel}","templated":true}]}}