{"id":5708,"date":"2023-05-19T07:46:28","date_gmt":"2023-05-19T10:46:28","guid":{"rendered":"http:\/\/zoomproducciones.com.ar\/zoomp\/?p=5708"},"modified":"2023-05-19T07:47:33","modified_gmt":"2023-05-19T10:47:33","slug":"libres-robo-un-equipo-de-sonido-allanaron-su-casa-y-lo-recuperaron","status":"publish","type":"post","link":"http:\/\/zoomproducciones.com.ar\/zoomp\/libres-robo-un-equipo-de-sonido-allanaron-su-casa-y-lo-recuperaron\/","title":{"rendered":"Libres: rob\u00f3 un equipo de sonido, allanaron su casa y lo recuperaron"},"content":{"rendered":"\n<p>Efectivos de la Comisaria Tercera de Paso de los Libres realizaron un allanamiento y posterior secuestro en un domicilio del Barrio Picaflor. All\u00ed se procedi\u00f3 al secuestro de un Equipo de Sonido de un autom\u00f3vil, el cual fue denunciado como robado.<\/p>\n\n\n\n<iframe loading=\"lazy\" src=\"https:\/\/www.facebook.com\/plugins\/post.php?href=https%3A%2F%2Fwww.facebook.com%2Fpermalink.php%3Fstory_fbid%3Dpfbid0pNSfA1z4qnc7qFGkpoh6CuGYD3qYzj3KF5ZcjCzgiJBsEah86z6cVe9Pyn88Z8gEl%26id%3D100085270121045&#038;show_text=true&#038;width=500\" width=\"500\" height=\"537\" style=\"border:none;overflow:hidden\" scrolling=\"no\" frameborder=\"0\" allowfullscreen=\"true\" allow=\"autoplay; clipboard-write; encrypted-media; picture-in-picture; web-share\"><\/iframe>\n\n\n\n<p>Del procedimiento particip\u00f3 el Grupo Especial de Asalto T\u00e1ctico y Combate (G.E.A.T.C) de la Unidad Regional IV.<\/p>\n\n\n\n<figure class=\"wp-block-image size-large\"><a href=\"http:\/\/zoomproducciones.com.ar\/zoomp\/wp-content\/uploads\/2023\/05\/image-70.png\"><img decoding=\"async\" src=\"http:\/\/zoomproducciones.com.ar\/zoomp\/wp-content\/uploads\/2023\/05\/image-70-1003x1024.png\" alt=\"\" class=\"wp-image-5710\"\/><\/a><\/figure>\n\n\n\n<p><\/p>\n","protected":false},"excerpt":{"rendered":"<p>Efectivos de la Comisaria Tercera de Paso de los Libres realizaron un allanamiento y posterior secuestro en un domicilio del Barrio Picaflor. All\u00ed se procedi\u00f3 al secuestro de un Equipo de Sonido de un autom\u00f3vil, el cual fue denunciado como robado. Del procedimiento particip\u00f3 el Grupo Especial de Asalto T\u00e1ctico y Combate (G.E.A.T.C) de la [&hellip;]<\/p>\n","protected":false},"author":2,"featured_media":0,"comment_status":"closed","ping_status":"open","sticky":false,"template":"","format":"standard","meta":{"footnotes":""},"categories":[5],"tags":[42,116,122],"class_list":{"0":"post-5708","1":"post","2":"type-post","3":"status-publish","4":"format-standard","6":"category-locales","7":"tag-featured","8":"tag-paso-de-los-libres","9":"tag-policiales"},"_links":{"self":[{"href":"http:\/\/zoomproducciones.com.ar\/zoomp\/wp-json\/wp\/v2\/posts\/5708","targetHints":{"allow":["GET"]}}],"collection":[{"href":"http:\/\/zoomproducciones.com.ar\/zoomp\/wp-json\/wp\/v2\/posts"}],"about":[{"href":"http:\/\/zoomproducciones.com.ar\/zoomp\/wp-json\/wp\/v2\/types\/post"}],"author":[{"embeddable":true,"href":"http:\/\/zoomproducciones.com.ar\/zoomp\/wp-json\/wp\/v2\/users\/2"}],"replies":[{"embeddable":true,"href":"http:\/\/zoomproducciones.com.ar\/zoomp\/wp-json\/wp\/v2\/comments?post=5708"}],"version-history":[{"count":1,"href":"http:\/\/zoomproducciones.com.ar\/zoomp\/wp-json\/wp\/v2\/posts\/5708\/revisions"}],"predecessor-version":[{"id":5711,"href":"http:\/\/zoomproducciones.com.ar\/zoomp\/wp-json\/wp\/v2\/posts\/5708\/revisions\/5711"}],"wp:attachment":[{"href":"http:\/\/zoomproducciones.com.ar\/zoomp\/wp-json\/wp\/v2\/media?parent=5708"}],"wp:term":[{"taxonomy":"category","embeddable":true,"href":"http:\/\/zoomproducciones.com.ar\/zoomp\/wp-json\/wp\/v2\/categories?post=5708"},{"taxonomy":"post_tag","embeddable":true,"href":"http:\/\/zoomproducciones.com.ar\/zoomp\/wp-json\/wp\/v2\/tags?post=5708"}],"curies":[{"name":"wp","href":"https:\/\/api.w.org\/{rel}","templated":true}]}}