{"id":5705,"date":"2023-05-19T07:36:13","date_gmt":"2023-05-19T10:36:13","guid":{"rendered":"http:\/\/zoomproducciones.com.ar\/zoomp\/?p=5705"},"modified":"2023-05-19T07:36:13","modified_gmt":"2023-05-19T10:36:13","slug":"se-levanto-el-paro-y-habran-negociaciones-para-llegar-a-un-acuerdo","status":"publish","type":"post","link":"http:\/\/zoomproducciones.com.ar\/zoomp\/se-levanto-el-paro-y-habran-negociaciones-para-llegar-a-un-acuerdo\/","title":{"rendered":"Se levant\u00f3 el paro y habr\u00e1n negociaciones para llegar a un acuerdo"},"content":{"rendered":"\n<p>La UTA acat\u00f3 la medida de Conciliaci\u00f3n Obligatoria de parte del Ministerio de Trabajo y se iniciar\u00e1 un per\u00edodo de 5 d\u00edas h\u00e1biles de negociaciones entre las empresas y empleados para llegar a un acuerdo. \u00a0<\/p>\n\n\n\n<p>\u00bbLa entidad sindical informa que acatar\u00e1 la misma, pese lo cual <strong>no dar\u00e1 un paso atr\u00e1s en la b\u00fasqueda de un salario digno para las trabajadoras y trabajadores del transporte de pasajeros\u00bb.<\/strong><\/p>\n\n\n\n<p>\u00bbAsistiremos a la audiencia el pr\u00f3ximo martes 23 de mayo, y esperaremos que todos los responsables del Transporte, acerquen las soluciones que la problem\u00e1tica necesita\u00bb firm\u00f3 la UTA.<\/p>\n","protected":false},"excerpt":{"rendered":"<p>La UTA acat\u00f3 la medida de Conciliaci\u00f3n Obligatoria de parte del Ministerio de Trabajo y se iniciar\u00e1 un per\u00edodo de 5 d\u00edas h\u00e1biles de negociaciones entre las empresas y empleados para llegar a un acuerdo. \u00a0 \u00bbLa entidad sindical informa que acatar\u00e1 la misma, pese lo cual no dar\u00e1 un paso atr\u00e1s en la b\u00fasqueda [&hellip;]<\/p>\n","protected":false},"author":2,"featured_media":0,"comment_status":"closed","ping_status":"open","sticky":false,"template":"","format":"standard","meta":{"footnotes":""},"categories":[5],"tags":[118,42,116,124,180],"class_list":{"0":"post-5705","1":"post","2":"type-post","3":"status-publish","4":"format-standard","6":"category-locales","7":"tag-argentina","8":"tag-featured","9":"tag-paso-de-los-libres","10":"tag-tig","11":"tag-uta"},"_links":{"self":[{"href":"http:\/\/zoomproducciones.com.ar\/zoomp\/wp-json\/wp\/v2\/posts\/5705","targetHints":{"allow":["GET"]}}],"collection":[{"href":"http:\/\/zoomproducciones.com.ar\/zoomp\/wp-json\/wp\/v2\/posts"}],"about":[{"href":"http:\/\/zoomproducciones.com.ar\/zoomp\/wp-json\/wp\/v2\/types\/post"}],"author":[{"embeddable":true,"href":"http:\/\/zoomproducciones.com.ar\/zoomp\/wp-json\/wp\/v2\/users\/2"}],"replies":[{"embeddable":true,"href":"http:\/\/zoomproducciones.com.ar\/zoomp\/wp-json\/wp\/v2\/comments?post=5705"}],"version-history":[{"count":1,"href":"http:\/\/zoomproducciones.com.ar\/zoomp\/wp-json\/wp\/v2\/posts\/5705\/revisions"}],"predecessor-version":[{"id":5706,"href":"http:\/\/zoomproducciones.com.ar\/zoomp\/wp-json\/wp\/v2\/posts\/5705\/revisions\/5706"}],"wp:attachment":[{"href":"http:\/\/zoomproducciones.com.ar\/zoomp\/wp-json\/wp\/v2\/media?parent=5705"}],"wp:term":[{"taxonomy":"category","embeddable":true,"href":"http:\/\/zoomproducciones.com.ar\/zoomp\/wp-json\/wp\/v2\/categories?post=5705"},{"taxonomy":"post_tag","embeddable":true,"href":"http:\/\/zoomproducciones.com.ar\/zoomp\/wp-json\/wp\/v2\/tags?post=5705"}],"curies":[{"name":"wp","href":"https:\/\/api.w.org\/{rel}","templated":true}]}}