{"id":5169,"date":"2023-05-01T10:06:56","date_gmt":"2023-05-01T13:06:56","guid":{"rendered":"http:\/\/zoomproducciones.com.ar\/zoomp\/?p=5169"},"modified":"2023-05-01T10:06:56","modified_gmt":"2023-05-01T13:06:56","slug":"este-lunes-1-de-mayo-no-habra-servicio-de-recoleccion-de-residuos","status":"publish","type":"post","link":"http:\/\/zoomproducciones.com.ar\/zoomp\/este-lunes-1-de-mayo-no-habra-servicio-de-recoleccion-de-residuos\/","title":{"rendered":"Este lunes 1\u00b0 de mayo NO habr\u00e1 servicio de Recolecci\u00f3n de Residuos"},"content":{"rendered":"\n<p>Este lunes 1\u00b0 de mayo no habr\u00e1 actividades administrativas, ni servicio de recolecci\u00f3n de residuos domiciliarios. La medida se debe a la celebraci\u00f3n del D\u00eda del Trabajador.<\/p>\n\n\n\n<p>La Secretar\u00eda de Obras y Servicios P\u00fablicos solicita a los vecinos y vecinas <strong>NO SACAR<\/strong> los residuos de sus domicilios los d\u00edas que no hay recolecci\u00f3n. Es importante respetar esta medida, para evitar la dispersi\u00f3n de residuos en la v\u00eda p\u00fablica, y prevenir el taponamiento de las bocas de tormenta, que <strong>podr\u00edan provocar anegamiento en caso de lluvias y tormentas<\/strong><\/p>\n\n\n\n<figure class=\"wp-block-image size-large\"><a href=\"http:\/\/zoomproducciones.com.ar\/zoomp\/wp-content\/uploads\/2023\/05\/image-2.png\"><img decoding=\"async\" src=\"http:\/\/zoomproducciones.com.ar\/zoomp\/wp-content\/uploads\/2023\/05\/image-2-1024x1024.png\" alt=\"\" class=\"wp-image-5170\"\/><\/a><\/figure>\n","protected":false},"excerpt":{"rendered":"<p>Este lunes 1\u00b0 de mayo no habr\u00e1 actividades administrativas, ni servicio de recolecci\u00f3n de residuos domiciliarios. La medida se debe a la celebraci\u00f3n del D\u00eda del Trabajador. La Secretar\u00eda de Obras y Servicios P\u00fablicos solicita a los vecinos y vecinas NO SACAR los residuos de sus domicilios los d\u00edas que no hay recolecci\u00f3n. Es importante [&hellip;]<\/p>\n","protected":false},"author":2,"featured_media":0,"comment_status":"closed","ping_status":"open","sticky":false,"template":"","format":"standard","meta":{"footnotes":""},"categories":[5],"tags":[42,115,116],"class_list":{"0":"post-5169","1":"post","2":"type-post","3":"status-publish","4":"format-standard","6":"category-locales","7":"tag-featured","8":"tag-municipalidad","9":"tag-paso-de-los-libres"},"_links":{"self":[{"href":"http:\/\/zoomproducciones.com.ar\/zoomp\/wp-json\/wp\/v2\/posts\/5169","targetHints":{"allow":["GET"]}}],"collection":[{"href":"http:\/\/zoomproducciones.com.ar\/zoomp\/wp-json\/wp\/v2\/posts"}],"about":[{"href":"http:\/\/zoomproducciones.com.ar\/zoomp\/wp-json\/wp\/v2\/types\/post"}],"author":[{"embeddable":true,"href":"http:\/\/zoomproducciones.com.ar\/zoomp\/wp-json\/wp\/v2\/users\/2"}],"replies":[{"embeddable":true,"href":"http:\/\/zoomproducciones.com.ar\/zoomp\/wp-json\/wp\/v2\/comments?post=5169"}],"version-history":[{"count":1,"href":"http:\/\/zoomproducciones.com.ar\/zoomp\/wp-json\/wp\/v2\/posts\/5169\/revisions"}],"predecessor-version":[{"id":5171,"href":"http:\/\/zoomproducciones.com.ar\/zoomp\/wp-json\/wp\/v2\/posts\/5169\/revisions\/5171"}],"wp:attachment":[{"href":"http:\/\/zoomproducciones.com.ar\/zoomp\/wp-json\/wp\/v2\/media?parent=5169"}],"wp:term":[{"taxonomy":"category","embeddable":true,"href":"http:\/\/zoomproducciones.com.ar\/zoomp\/wp-json\/wp\/v2\/categories?post=5169"},{"taxonomy":"post_tag","embeddable":true,"href":"http:\/\/zoomproducciones.com.ar\/zoomp\/wp-json\/wp\/v2\/tags?post=5169"}],"curies":[{"name":"wp","href":"https:\/\/api.w.org\/{rel}","templated":true}]}}