{"id":5164,"date":"2023-05-01T09:57:52","date_gmt":"2023-05-01T12:57:52","guid":{"rendered":"http:\/\/zoomproducciones.com.ar\/zoomp\/?p=5164"},"modified":"2023-05-01T10:03:30","modified_gmt":"2023-05-01T13:03:30","slug":"mar-del-plata-un-hombre-mato-a-su-empleada-domestica-y-luego-se-suicido","status":"publish","type":"post","link":"http:\/\/zoomproducciones.com.ar\/zoomp\/mar-del-plata-un-hombre-mato-a-su-empleada-domestica-y-luego-se-suicido\/","title":{"rendered":"Mar del Plata: un hombre mat\u00f3 a su empleada dom\u00e9stica y luego se suicid\u00f3"},"content":{"rendered":"\n<p>Un hombre de 80 a\u00f1os, de apellido Carraro, mat\u00f3 de un disparo a su empleada dom\u00e9stica y luego se suicid\u00f3. El hecho se dio a conocer tras la denuncia por desaparici\u00f3n por parte del hijo de la mujer. La misma fue identificada como Gabriela Gim\u00e9mez y ten\u00eda 46 a\u00f1os.<\/p>\n\n\n\n<h2 class=\"wp-block-heading\">Cr\u00f3nica<\/h2>\n\n\n\n<p>En la tarde del viernes, Gim\u00e9nez sal\u00eda de su trabajo en una parrilla de la ciudad y, desde all\u00ed, un compa\u00f1ero la llev\u00f3 hacia la casa de Luis Alberto Carraro para realizar sus labores de limpieza. <\/p>\n\n\n\n<p>La mujer le hab\u00eda comunicado a su hijo su jornada laboral pero, al no aparecer en la ma\u00f1ana del s\u00e1bado, el joven denunci\u00f3 su desaparici\u00f3n. <\/p>\n\n\n\n<p>Tras la misma, los efectivos se dirigieron hasta la casa en donde Gim\u00e9nez efectuaba tareas de limpieza y pudieron observar&nbsp;<strong>por una ventana que hab\u00eda un cuerpo sin vida<\/strong>&nbsp;y, al ingresar, confirmaron que se trataba de la mujer, mientras que en una de las habitaciones,&nbsp;<strong>sobre la cama, estaba el de Carraro.<\/strong><\/p>\n\n\n\n<p>Carraro hab\u00eda matado de un escopetazo en el pecho a Gabriela; mientras que \u00e9l ten\u00eda dos lesiones: una sobre la oreja y el cuero cabelludo (primer intento de suicidio) y otra que efectivamente caus\u00f3 la muerte.<\/p>\n\n\n\n<p>El Fiscal Leandro Ar\u00e9valo, ante la evidencia, determin\u00f3 que se hab\u00eda tratado de un caso para ser investigado como<strong>&nbsp;homicidio y suicidio.<\/strong><\/p>\n\n\n\n<p><\/p>\n","protected":false},"excerpt":{"rendered":"<p>Un hombre de 80 a\u00f1os, de apellido Carraro, mat\u00f3 de un disparo a su empleada dom\u00e9stica y luego se suicid\u00f3. El hecho se dio a conocer tras la denuncia por desaparici\u00f3n por parte del hijo de la mujer. La misma fue identificada como Gabriela Gim\u00e9mez y ten\u00eda 46 a\u00f1os. Cr\u00f3nica En la tarde del viernes, [&hellip;]<\/p>\n","protected":false},"author":2,"featured_media":0,"comment_status":"closed","ping_status":"open","sticky":false,"template":"","format":"standard","meta":{"footnotes":""},"categories":[414],"tags":[118,42,122],"class_list":{"0":"post-5164","1":"post","2":"type-post","3":"status-publish","4":"format-standard","6":"category-policiales-2","7":"tag-argentina","8":"tag-featured","9":"tag-policiales"},"_links":{"self":[{"href":"http:\/\/zoomproducciones.com.ar\/zoomp\/wp-json\/wp\/v2\/posts\/5164","targetHints":{"allow":["GET"]}}],"collection":[{"href":"http:\/\/zoomproducciones.com.ar\/zoomp\/wp-json\/wp\/v2\/posts"}],"about":[{"href":"http:\/\/zoomproducciones.com.ar\/zoomp\/wp-json\/wp\/v2\/types\/post"}],"author":[{"embeddable":true,"href":"http:\/\/zoomproducciones.com.ar\/zoomp\/wp-json\/wp\/v2\/users\/2"}],"replies":[{"embeddable":true,"href":"http:\/\/zoomproducciones.com.ar\/zoomp\/wp-json\/wp\/v2\/comments?post=5164"}],"version-history":[{"count":2,"href":"http:\/\/zoomproducciones.com.ar\/zoomp\/wp-json\/wp\/v2\/posts\/5164\/revisions"}],"predecessor-version":[{"id":5168,"href":"http:\/\/zoomproducciones.com.ar\/zoomp\/wp-json\/wp\/v2\/posts\/5164\/revisions\/5168"}],"wp:attachment":[{"href":"http:\/\/zoomproducciones.com.ar\/zoomp\/wp-json\/wp\/v2\/media?parent=5164"}],"wp:term":[{"taxonomy":"category","embeddable":true,"href":"http:\/\/zoomproducciones.com.ar\/zoomp\/wp-json\/wp\/v2\/categories?post=5164"},{"taxonomy":"post_tag","embeddable":true,"href":"http:\/\/zoomproducciones.com.ar\/zoomp\/wp-json\/wp\/v2\/tags?post=5164"}],"curies":[{"name":"wp","href":"https:\/\/api.w.org\/{rel}","templated":true}]}}