{"id":5161,"date":"2023-05-01T09:38:39","date_gmt":"2023-05-01T12:38:39","guid":{"rendered":"http:\/\/zoomproducciones.com.ar\/zoomp\/?p=5161"},"modified":"2023-05-01T09:38:40","modified_gmt":"2023-05-01T12:38:40","slug":"la-salud-del-pulga-rodriguez-coagulo-en-la-cabeza-y-aire-entre-el-pulmon-y-el-corazon","status":"publish","type":"post","link":"http:\/\/zoomproducciones.com.ar\/zoomp\/la-salud-del-pulga-rodriguez-coagulo-en-la-cabeza-y-aire-entre-el-pulmon-y-el-corazon\/","title":{"rendered":"La salud del Pulga Rodr\u00edguez: co\u00e1gulo en la cabeza y aire entre el pulm\u00f3n y el coraz\u00f3n"},"content":{"rendered":"\n<p>Luis Miguel Rodr\u00edguez sufri\u00f3 este domingo un\u00a0accidente automovil\u00edstico\u00a0por el que tuvo que ser\u00a0hospitalizado\u00a0a ra\u00edz de un\u00a0traumatismo enc\u00e9falo craneano\u00a0tras volcar su veh\u00edculo. <\/p>\n\n\n\n<p>El &#8216;Pulga&#8217; se trasladaba desde\u00a0<strong>Santiago del Estero<\/strong>\u00a0hacia\u00a0<strong>Tucum\u00e1n<\/strong>\u00a0cuando su auto volc\u00f3 en horas de la ma\u00f1ana y otras personas lo encontraron deambulando en la intersecci\u00f3n de las\u00a0<strong>rutas 157 y 308<\/strong>, luego de padecer\u00a0<strong>politraumatismos<\/strong>.<\/p>\n\n\n\n<figure class=\"wp-block-image size-large\"><a href=\"http:\/\/zoomproducciones.com.ar\/zoomp\/wp-content\/uploads\/2023\/05\/image.png\"><img decoding=\"async\" src=\"http:\/\/zoomproducciones.com.ar\/zoomp\/wp-content\/uploads\/2023\/05\/image-1024x576.png\" alt=\"\" class=\"wp-image-5162\"\/><\/a><\/figure>\n\n\n\n<p>Tras el accidente, el Pulga debi\u00f3 ser hospitalizado en terapia intensiva. El <strong>director del hospital Padilla<\/strong>, donde se encuentra internado en\u00a0<strong>terapia intensiva<\/strong>\u00a0Rodr\u00edguez, expres\u00f3 que al jugador\u00a0<strong>le\u00a0tienen que \u201ccontrolar\u201d<\/strong>\u00a0el estado de salud\u00a0<strong>\u201cminuto a minuto\u201d<\/strong>.<\/p>\n\n\n\n<p><strong>Luis Miguel tiene un co\u00e1gulo en la cabeza, fractura en ambos p\u00f3mulos y aire entre el pulm\u00f3n y el coraz\u00f3n.<\/strong> Hasta hace unas horas analizaban operarlo. Adem\u00e1s, se confirm\u00f3 que el choque fue por altas velocidades y que postvuelco sufri\u00f3 un cuadro de amnesia temporal.<\/p>\n\n\n\n<p><\/p>\n","protected":false},"excerpt":{"rendered":"<p>Luis Miguel Rodr\u00edguez sufri\u00f3 este domingo un\u00a0accidente automovil\u00edstico\u00a0por el que tuvo que ser\u00a0hospitalizado\u00a0a ra\u00edz de un\u00a0traumatismo enc\u00e9falo craneano\u00a0tras volcar su veh\u00edculo. El &#8216;Pulga&#8217; se trasladaba desde\u00a0Santiago del Estero\u00a0hacia\u00a0Tucum\u00e1n\u00a0cuando su auto volc\u00f3 en horas de la ma\u00f1ana y otras personas lo encontraron deambulando en la intersecci\u00f3n de las\u00a0rutas 157 y 308, luego de padecer\u00a0politraumatismos. Tras el [&hellip;]<\/p>\n","protected":false},"author":2,"featured_media":0,"comment_status":"closed","ping_status":"open","sticky":false,"template":"","format":"standard","meta":{"footnotes":""},"categories":[8],"tags":[118,42],"class_list":{"0":"post-5161","1":"post","2":"type-post","3":"status-publish","4":"format-standard","6":"category-nacionales","7":"tag-argentina","8":"tag-featured"},"_links":{"self":[{"href":"http:\/\/zoomproducciones.com.ar\/zoomp\/wp-json\/wp\/v2\/posts\/5161","targetHints":{"allow":["GET"]}}],"collection":[{"href":"http:\/\/zoomproducciones.com.ar\/zoomp\/wp-json\/wp\/v2\/posts"}],"about":[{"href":"http:\/\/zoomproducciones.com.ar\/zoomp\/wp-json\/wp\/v2\/types\/post"}],"author":[{"embeddable":true,"href":"http:\/\/zoomproducciones.com.ar\/zoomp\/wp-json\/wp\/v2\/users\/2"}],"replies":[{"embeddable":true,"href":"http:\/\/zoomproducciones.com.ar\/zoomp\/wp-json\/wp\/v2\/comments?post=5161"}],"version-history":[{"count":1,"href":"http:\/\/zoomproducciones.com.ar\/zoomp\/wp-json\/wp\/v2\/posts\/5161\/revisions"}],"predecessor-version":[{"id":5163,"href":"http:\/\/zoomproducciones.com.ar\/zoomp\/wp-json\/wp\/v2\/posts\/5161\/revisions\/5163"}],"wp:attachment":[{"href":"http:\/\/zoomproducciones.com.ar\/zoomp\/wp-json\/wp\/v2\/media?parent=5161"}],"wp:term":[{"taxonomy":"category","embeddable":true,"href":"http:\/\/zoomproducciones.com.ar\/zoomp\/wp-json\/wp\/v2\/categories?post=5161"},{"taxonomy":"post_tag","embeddable":true,"href":"http:\/\/zoomproducciones.com.ar\/zoomp\/wp-json\/wp\/v2\/tags?post=5161"}],"curies":[{"name":"wp","href":"https:\/\/api.w.org\/{rel}","templated":true}]}}