{"id":5158,"date":"2023-04-30T10:59:26","date_gmt":"2023-04-30T13:59:26","guid":{"rendered":"http:\/\/zoomproducciones.com.ar\/zoomp\/?p=5158"},"modified":"2023-04-30T10:59:42","modified_gmt":"2023-04-30T13:59:42","slug":"declaracion-de-dani-alves-fui-un-complice-de-las-ganas-que-ella-tenia","status":"publish","type":"post","link":"http:\/\/zoomproducciones.com.ar\/zoomp\/declaracion-de-dani-alves-fui-un-complice-de-las-ganas-que-ella-tenia\/","title":{"rendered":"Declaraci\u00f3n de Dani Alves: \u201cFui un c\u00f3mplice de las ganas que ella ten\u00eda\u201d"},"content":{"rendered":"\n<p>La prensa de Espa\u00f1a revel\u00f3 nuevos detalles sobre el caso de la presunta violaci\u00f3n de Dani Alves a una chica, de 23 a\u00f1os, en el ba\u00f1o del boliche Sutton de Barcelona el pasado 30 de diciembre.<\/p>\n\n\n\n<p>El medio comparti\u00f3 las \u00faltimas declaraciones del jugador acerca del caso:<\/p>\n\n\n\n<p>\u00a0<strong>\u00abEra una cena de reencuentro con amigos despu\u00e9s del Mundial\u00bb<\/strong> declar\u00f3 Dani Alves. Luego de terminar de comer, el jugador decidi\u00f3 ir al boliche, lugar donde ocurri\u00f3 el hecho, con su amigo Bruno alrededor de las 2:45 de la madrugada.<\/p>\n\n\n\n<p>Dani Alves coment\u00f3 que, luego de un rato en el lugar, llegaron tres mujeres a su mesa, una de ellas la denunciante. \u00bbEsas chicas vinieron a nuestro reservado, pero<strong>\u00a0nosotros no insistimos<\/strong>, ni el camarero a ellas\u00bb, aclar\u00f3.<\/p>\n\n\n\n<p><strong>\u201cNot\u00e9 su buena disposici\u00f3n por la manera como bailaba, como se acercaba a m\u00ed, como intercambiamos posiciones\u201d <\/strong>coment\u00f3 el jugador acerca del momento en donde tanto \u00e9l como la joven bailaban.<\/p>\n\n\n\n<p>A su vez, Dani\u00a0Alves explic\u00f3 que hab\u00eda una<strong>\u00a0\u00abatracci\u00f3n sexual\u00bb\u00a0<\/strong>entre ellos. Acto seguido, al darse cuenta de esa situaci\u00f3n y con\u00a0<strong>el miedo de quedar expuesto<\/strong>, le propuso a la chica seguir el encuentro en un lugar m\u00e1s \u00edntimo: \u00abLe dije de trasladar todo eso al ba\u00f1o.\u00a0<strong>Me dijo que s\u00ed<\/strong>, que no hab\u00eda problema. Le dije que yo iba primero y que la esperar\u00eda dentro\u00bb.<\/p>\n\n\n\n<p>\u201cLe pregunt\u00e9\u00a0<strong>dos veces si le estaba gustando y me dijo que s\u00ed<\/strong>\u201d, afirm\u00f3 Dani Alves.<\/p>\n\n\n\n<p>Despu\u00e9s de todo lo que pas\u00f3 dentro del ba\u00f1o, el jugador sali\u00f3 antes que ella para que no los vieran juntos, algo que, seg\u00fan el deportista, pudo haber enojado a la adolescente.<\/p>\n\n\n\n<p><strong>\u00abSi la hubiese visto en la salida, la hubiese parado para preguntarle qu\u00e9 le hab\u00eda pasado<\/strong> porque hasta entonces todo estaba bien, dentro de lo que quer\u00edamos\u00bb, dijo Dani, y agreg\u00f3:<\/p>\n\n\n\n<p><strong>\u00abYo fui simplemente un c\u00f3mplice de las ganas que ella ten\u00eda o de las que ten\u00eda yo\u00bb.<\/strong><\/p>\n","protected":false},"excerpt":{"rendered":"<p>La prensa de Espa\u00f1a revel\u00f3 nuevos detalles sobre el caso de la presunta violaci\u00f3n de Dani Alves a una chica, de 23 a\u00f1os, en el ba\u00f1o del boliche Sutton de Barcelona el pasado 30 de diciembre. El medio comparti\u00f3 las \u00faltimas declaraciones del jugador acerca del caso: \u00a0\u00abEra una cena de reencuentro con amigos despu\u00e9s [&hellip;]<\/p>\n","protected":false},"author":2,"featured_media":0,"comment_status":"closed","ping_status":"open","sticky":false,"template":"","format":"standard","meta":{"footnotes":""},"categories":[414],"tags":[122],"class_list":{"0":"post-5158","1":"post","2":"type-post","3":"status-publish","4":"format-standard","6":"category-policiales-2","7":"tag-policiales"},"_links":{"self":[{"href":"http:\/\/zoomproducciones.com.ar\/zoomp\/wp-json\/wp\/v2\/posts\/5158","targetHints":{"allow":["GET"]}}],"collection":[{"href":"http:\/\/zoomproducciones.com.ar\/zoomp\/wp-json\/wp\/v2\/posts"}],"about":[{"href":"http:\/\/zoomproducciones.com.ar\/zoomp\/wp-json\/wp\/v2\/types\/post"}],"author":[{"embeddable":true,"href":"http:\/\/zoomproducciones.com.ar\/zoomp\/wp-json\/wp\/v2\/users\/2"}],"replies":[{"embeddable":true,"href":"http:\/\/zoomproducciones.com.ar\/zoomp\/wp-json\/wp\/v2\/comments?post=5158"}],"version-history":[{"count":1,"href":"http:\/\/zoomproducciones.com.ar\/zoomp\/wp-json\/wp\/v2\/posts\/5158\/revisions"}],"predecessor-version":[{"id":5160,"href":"http:\/\/zoomproducciones.com.ar\/zoomp\/wp-json\/wp\/v2\/posts\/5158\/revisions\/5160"}],"wp:attachment":[{"href":"http:\/\/zoomproducciones.com.ar\/zoomp\/wp-json\/wp\/v2\/media?parent=5158"}],"wp:term":[{"taxonomy":"category","embeddable":true,"href":"http:\/\/zoomproducciones.com.ar\/zoomp\/wp-json\/wp\/v2\/categories?post=5158"},{"taxonomy":"post_tag","embeddable":true,"href":"http:\/\/zoomproducciones.com.ar\/zoomp\/wp-json\/wp\/v2\/tags?post=5158"}],"curies":[{"name":"wp","href":"https:\/\/api.w.org\/{rel}","templated":true}]}}