{"id":5151,"date":"2023-04-30T10:25:04","date_gmt":"2023-04-30T13:25:04","guid":{"rendered":"http:\/\/zoomproducciones.com.ar\/zoomp\/?p=5151"},"modified":"2023-04-30T10:25:04","modified_gmt":"2023-04-30T13:25:04","slug":"jorge-rial-debio-de-ser-internado-de-urgencia-durante-sus-vacaciones","status":"publish","type":"post","link":"http:\/\/zoomproducciones.com.ar\/zoomp\/jorge-rial-debio-de-ser-internado-de-urgencia-durante-sus-vacaciones\/","title":{"rendered":"Jorge Rial debi\u00f3 de ser internado de urgencia durante sus vacaciones"},"content":{"rendered":"\n<p>El conductor televisivo sufri\u00f3 una descompensaci\u00f3n card\u00edaca mientras se encontraba de vacaciones en\u00a0<strong>Colombia<\/strong>. Sus hijas,\u00a0<strong>Morena y Roc\u00edo<\/strong>, debieron viajar de urgencia hacia dicho pa\u00eds para acompa\u00f1arlo en su recuperaci\u00f3n.<\/p>\n\n\n\n<p>La noticia de dio a conocer luego de una serie de tweets de Angel de Brito, en donde comentaba un hecho que lo hab\u00eda \u00bbdejado en shock\u00bb. Posterior a ese comentario, el periodista de espect\u00e1culos expres\u00f3:<\/p>\n\n\n\n<figure class=\"wp-block-embed is-type-rich is-provider-twitter wp-block-embed-twitter\"><div class=\"wp-block-embed__wrapper\">\n<blockquote class=\"twitter-tweet\" data-width=\"550\" data-dnt=\"true\"><p lang=\"es\" dir=\"ltr\">Jorge Rial tuvo una descompensaci\u00f3n cardiaca en sus vacaciones en Colombia. <br>Est\u00e1n viajando sus hijas de urgencia. Cuadro cr\u00edtico, en un pa\u00eds con un sistema de salud precario.<\/p>&mdash; A N G E L (@AngeldebritoOk) <a href=\"https:\/\/twitter.com\/AngeldebritoOk\/status\/1652507689602121735?ref_src=twsrc%5Etfw\">April 30, 2023<\/a><\/blockquote><script async src=\"https:\/\/platform.twitter.com\/widgets.js\" charset=\"utf-8\"><\/script>\n<\/div><\/figure>\n\n\n\n<p>Seg\u00fan lo que expuso De Brito, Rial tiene problemas cardi\u00e1cos hace bastante tiempo. \u00abLamentablemente,\u00a0<strong>Jorge tiene antecedentes card\u00edacos como es de p\u00fablico conocimiento<\/strong>. Sus hijas estuvieron intentando viajar en estas horas. Ya lo consiguieron\u00bb.<\/p>\n\n\n\n<p>Momentos despu\u00e9s, Morena Rial expres\u00f3 v\u00eda redes sociales lo siguiente:<\/p>\n\n\n\n<figure class=\"wp-block-image size-large\"><a href=\"http:\/\/zoomproducciones.com.ar\/zoomp\/wp-content\/uploads\/2023\/04\/image-89.png\"><img decoding=\"async\" src=\"http:\/\/zoomproducciones.com.ar\/zoomp\/wp-content\/uploads\/2023\/04\/image-89-576x1024.png\" alt=\"\" class=\"wp-image-5152\"\/><\/a><\/figure>\n\n\n\n<p><\/p>\n","protected":false},"excerpt":{"rendered":"<p>El conductor televisivo sufri\u00f3 una descompensaci\u00f3n card\u00edaca mientras se encontraba de vacaciones en\u00a0Colombia. Sus hijas,\u00a0Morena y Roc\u00edo, debieron viajar de urgencia hacia dicho pa\u00eds para acompa\u00f1arlo en su recuperaci\u00f3n. La noticia de dio a conocer luego de una serie de tweets de Angel de Brito, en donde comentaba un hecho que lo hab\u00eda \u00bbdejado en [&hellip;]<\/p>\n","protected":false},"author":2,"featured_media":0,"comment_status":"closed","ping_status":"open","sticky":false,"template":"","format":"standard","meta":{"footnotes":""},"categories":[6],"tags":[118,462,461],"class_list":{"0":"post-5151","1":"post","2":"type-post","3":"status-publish","4":"format-standard","6":"category-infogral","7":"tag-argentina","8":"tag-espectaculos","9":"tag-jorge-rial"},"_links":{"self":[{"href":"http:\/\/zoomproducciones.com.ar\/zoomp\/wp-json\/wp\/v2\/posts\/5151","targetHints":{"allow":["GET"]}}],"collection":[{"href":"http:\/\/zoomproducciones.com.ar\/zoomp\/wp-json\/wp\/v2\/posts"}],"about":[{"href":"http:\/\/zoomproducciones.com.ar\/zoomp\/wp-json\/wp\/v2\/types\/post"}],"author":[{"embeddable":true,"href":"http:\/\/zoomproducciones.com.ar\/zoomp\/wp-json\/wp\/v2\/users\/2"}],"replies":[{"embeddable":true,"href":"http:\/\/zoomproducciones.com.ar\/zoomp\/wp-json\/wp\/v2\/comments?post=5151"}],"version-history":[{"count":1,"href":"http:\/\/zoomproducciones.com.ar\/zoomp\/wp-json\/wp\/v2\/posts\/5151\/revisions"}],"predecessor-version":[{"id":5154,"href":"http:\/\/zoomproducciones.com.ar\/zoomp\/wp-json\/wp\/v2\/posts\/5151\/revisions\/5154"}],"wp:attachment":[{"href":"http:\/\/zoomproducciones.com.ar\/zoomp\/wp-json\/wp\/v2\/media?parent=5151"}],"wp:term":[{"taxonomy":"category","embeddable":true,"href":"http:\/\/zoomproducciones.com.ar\/zoomp\/wp-json\/wp\/v2\/categories?post=5151"},{"taxonomy":"post_tag","embeddable":true,"href":"http:\/\/zoomproducciones.com.ar\/zoomp\/wp-json\/wp\/v2\/tags?post=5151"}],"curies":[{"name":"wp","href":"https:\/\/api.w.org\/{rel}","templated":true}]}}