{"id":5109,"date":"2023-04-28T10:45:31","date_gmt":"2023-04-28T13:45:31","guid":{"rendered":"http:\/\/zoomproducciones.com.ar\/zoomp\/?p=5109"},"modified":"2023-04-28T10:53:34","modified_gmt":"2023-04-28T13:53:34","slug":"libres-actualizacion-de-los-cortes-de-transito-en-el-centro-de-la-ciudad","status":"publish","type":"post","link":"http:\/\/zoomproducciones.com.ar\/zoomp\/libres-actualizacion-de-los-cortes-de-transito-en-el-centro-de-la-ciudad\/","title":{"rendered":"Libres: actualizaci\u00f3n de los cortes de transito en el centro de la ciudad"},"content":{"rendered":"\n<p>La Directora de Tr\u00e1nsito, Nadia Montes de Oca, charl\u00f3 con Tire y Afloje y actualiz\u00f3 las informaciones de las calles cortadas en la ciudad. Las mismas contin\u00faan as\u00ed:<\/p>\n\n\n\n<p>&#x2705; Hoy se terminan los trabajos por Coronel L\u00f3pez luego de las 18 horas<br>&#x27a1;&#xfe0f; Contin\u00faa el corte por Col\u00f3n entre Rivadavia y Monta\u00f1a<br>&#x27a1;&#xfe0f; Contin\u00faa el corte por Col\u00f3n entre Monta\u00f1a y Brasil<br>&#x1f6a7; Funciona un s\u00f3lo carril por Col\u00f3n entre Sitja Nin y Rivadavia<\/p>\n\n\n\n<h2 class=\"wp-block-heading\">C\u00f3mo trabaja el tr\u00e1nsito<\/h2>\n\n\n\n<p>Nadia Montes de Oca expres\u00f3 que \u00bblos horarios m\u00e1s complicados son los de los ingresos y salidas de las escuelas\u00bb. \u00bbEl personal cubre las escuelas e inmediatamente despu\u00e9s ya cubren el tr\u00e1nsito en general\u00bb expres\u00f3.<\/p>\n\n\n\n<p>\u00bbEn el horario en donde est\u00e1n cortadas las calles el personal es el que cubre el tr\u00e1nsito\u00bb coment\u00f3 la Directora<\/p>\n","protected":false},"excerpt":{"rendered":"<p>La Directora de Tr\u00e1nsito, Nadia Montes de Oca, charl\u00f3 con Tire y Afloje y actualiz\u00f3 las informaciones de las calles cortadas en la ciudad. Las mismas contin\u00faan as\u00ed: &#x2705; Hoy se terminan los trabajos por Coronel L\u00f3pez luego de las 18 horas&#x27a1;&#xfe0f; Contin\u00faa el corte por Col\u00f3n entre Rivadavia y Monta\u00f1a&#x27a1;&#xfe0f; Contin\u00faa el corte por [&hellip;]<\/p>\n","protected":false},"author":2,"featured_media":0,"comment_status":"closed","ping_status":"open","sticky":false,"template":"","format":"standard","meta":{"footnotes":""},"categories":[5],"tags":[42,116],"class_list":{"0":"post-5109","1":"post","2":"type-post","3":"status-publish","4":"format-standard","6":"category-locales","7":"tag-featured","8":"tag-paso-de-los-libres"},"_links":{"self":[{"href":"http:\/\/zoomproducciones.com.ar\/zoomp\/wp-json\/wp\/v2\/posts\/5109","targetHints":{"allow":["GET"]}}],"collection":[{"href":"http:\/\/zoomproducciones.com.ar\/zoomp\/wp-json\/wp\/v2\/posts"}],"about":[{"href":"http:\/\/zoomproducciones.com.ar\/zoomp\/wp-json\/wp\/v2\/types\/post"}],"author":[{"embeddable":true,"href":"http:\/\/zoomproducciones.com.ar\/zoomp\/wp-json\/wp\/v2\/users\/2"}],"replies":[{"embeddable":true,"href":"http:\/\/zoomproducciones.com.ar\/zoomp\/wp-json\/wp\/v2\/comments?post=5109"}],"version-history":[{"count":2,"href":"http:\/\/zoomproducciones.com.ar\/zoomp\/wp-json\/wp\/v2\/posts\/5109\/revisions"}],"predecessor-version":[{"id":5113,"href":"http:\/\/zoomproducciones.com.ar\/zoomp\/wp-json\/wp\/v2\/posts\/5109\/revisions\/5113"}],"wp:attachment":[{"href":"http:\/\/zoomproducciones.com.ar\/zoomp\/wp-json\/wp\/v2\/media?parent=5109"}],"wp:term":[{"taxonomy":"category","embeddable":true,"href":"http:\/\/zoomproducciones.com.ar\/zoomp\/wp-json\/wp\/v2\/categories?post=5109"},{"taxonomy":"post_tag","embeddable":true,"href":"http:\/\/zoomproducciones.com.ar\/zoomp\/wp-json\/wp\/v2\/tags?post=5109"}],"curies":[{"name":"wp","href":"https:\/\/api.w.org\/{rel}","templated":true}]}}