{"id":5100,"date":"2023-04-28T10:04:40","date_gmt":"2023-04-28T13:04:40","guid":{"rendered":"http:\/\/zoomproducciones.com.ar\/zoomp\/?p=5100"},"modified":"2023-04-28T10:25:21","modified_gmt":"2023-04-28T13:25:21","slug":"virasoro-liberaron-a-la-excoordinadora-de-hogares-de-menores-acusada-de-abuso-y-maltratos","status":"publish","type":"post","link":"http:\/\/zoomproducciones.com.ar\/zoomp\/virasoro-liberaron-a-la-excoordinadora-de-hogares-de-menores-acusada-de-abuso-y-maltratos\/","title":{"rendered":"Virasoro: liberaron a la excoordinadora de hogares de menores"},"content":{"rendered":"\n<p>Sonia Prystupczuk se encontraba en prisi\u00f3n domiciliaria acusada de abusos y maltratos a menores de edad en los Hogares de Ni\u00f1os en los que ella trabajaba. Finalmente la C\u00e1mara de Revisi\u00f3n de Corrientes le otorg\u00f3 este jueves la libertad. &nbsp;<\/p>\n\n\n\n<h2 class=\"wp-block-heading\">\u00bfPor qu\u00e9 el fallo?<\/h2>\n\n\n\n<p>La jueza de la causa Silvia Ben\u00edtez hab\u00eda fundamentado que la acusada no pod\u00eda permanecer m\u00e1s de un a\u00f1o privada de su libertad sin tener una sentencia firme. &nbsp;<\/p>\n\n\n\n<p>Vale aclarar, adem\u00e1s, que la instancia de investigaci\u00f3n se agot\u00f3 y no hay pruebas nuevas encontradas. Estos factores implicar\u00edan que la libertad de Prystupczuk no entorpecer\u00edan a la causa. <\/p>\n\n\n\n<h2 class=\"wp-block-heading\">Restricciones<\/h2>\n\n\n\n<p>Prystupczuk no podr\u00e1 salir de la ciudad de Virasoro. &nbsp;No podr\u00e1 comunicarse ni postear nada en las redes sociales. Mucho menos acercarse a los menores involucrados en la causa.<\/p>\n\n\n\n<p>Tampoco podr\u00e1 frecuentar los hogares ni &nbsp;reunirse con ning\u00fan personal.Cada 15 d\u00edas tendr\u00e1 que presentarse en Fiscal\u00eda.<\/p>\n\n\n\n<h2 class=\"wp-block-heading\">Causa<\/h2>\n\n\n\n<p>Prystupczuk est\u00e1 involucrada en tres causas. Una tiene que ver con la imputaci\u00f3n de incumplimiento de los deberes de funcionarios p\u00fablicos, que data de abril del 2021. Tras ello sobrevienen las denuncias de varios menores por abuso y maltrato infantil.Y la tercera causa es la muerte de Claudio Flores, un adolescente de 14 a\u00f1os que fue encontrado sin vida en el \u201cHogar Mar\u00eda de Nazareth\u201d.<\/p>\n","protected":false},"excerpt":{"rendered":"<p>Sonia Prystupczuk se encontraba en prisi\u00f3n domiciliaria acusada de abusos y maltratos a menores de edad en los Hogares de Ni\u00f1os en los que ella trabajaba. Finalmente la C\u00e1mara de Revisi\u00f3n de Corrientes le otorg\u00f3 este jueves la libertad. &nbsp; \u00bfPor qu\u00e9 el fallo? La jueza de la causa Silvia Ben\u00edtez hab\u00eda fundamentado que la [&hellip;]<\/p>\n","protected":false},"author":2,"featured_media":0,"comment_status":"closed","ping_status":"open","sticky":false,"template":"","format":"standard","meta":{"footnotes":""},"categories":[5],"tags":[125,42],"class_list":{"0":"post-5100","1":"post","2":"type-post","3":"status-publish","4":"format-standard","6":"category-locales","7":"tag-corrientes","8":"tag-featured"},"_links":{"self":[{"href":"http:\/\/zoomproducciones.com.ar\/zoomp\/wp-json\/wp\/v2\/posts\/5100","targetHints":{"allow":["GET"]}}],"collection":[{"href":"http:\/\/zoomproducciones.com.ar\/zoomp\/wp-json\/wp\/v2\/posts"}],"about":[{"href":"http:\/\/zoomproducciones.com.ar\/zoomp\/wp-json\/wp\/v2\/types\/post"}],"author":[{"embeddable":true,"href":"http:\/\/zoomproducciones.com.ar\/zoomp\/wp-json\/wp\/v2\/users\/2"}],"replies":[{"embeddable":true,"href":"http:\/\/zoomproducciones.com.ar\/zoomp\/wp-json\/wp\/v2\/comments?post=5100"}],"version-history":[{"count":2,"href":"http:\/\/zoomproducciones.com.ar\/zoomp\/wp-json\/wp\/v2\/posts\/5100\/revisions"}],"predecessor-version":[{"id":5104,"href":"http:\/\/zoomproducciones.com.ar\/zoomp\/wp-json\/wp\/v2\/posts\/5100\/revisions\/5104"}],"wp:attachment":[{"href":"http:\/\/zoomproducciones.com.ar\/zoomp\/wp-json\/wp\/v2\/media?parent=5100"}],"wp:term":[{"taxonomy":"category","embeddable":true,"href":"http:\/\/zoomproducciones.com.ar\/zoomp\/wp-json\/wp\/v2\/categories?post=5100"},{"taxonomy":"post_tag","embeddable":true,"href":"http:\/\/zoomproducciones.com.ar\/zoomp\/wp-json\/wp\/v2\/tags?post=5100"}],"curies":[{"name":"wp","href":"https:\/\/api.w.org\/{rel}","templated":true}]}}