{"id":5070,"date":"2023-04-27T08:52:43","date_gmt":"2023-04-27T11:52:43","guid":{"rendered":"http:\/\/zoomproducciones.com.ar\/zoomp\/?p=5070"},"modified":"2023-04-27T08:52:45","modified_gmt":"2023-04-27T11:52:45","slug":"massa-anuncio-que-convocara-a-un-acuerdo-de-precios-y-salarios-por-90-dias","status":"publish","type":"post","link":"http:\/\/zoomproducciones.com.ar\/zoomp\/massa-anuncio-que-convocara-a-un-acuerdo-de-precios-y-salarios-por-90-dias\/","title":{"rendered":"Massa anunci\u00f3 que convocar\u00e1 a un acuerdo de precios y salarios por 90 d\u00edas"},"content":{"rendered":"\n<p>Esta decisi\u00f3n se debe a la necesidad de estabilizar la econom\u00eda por parte del Gobierno Nacional.<\/p>\n\n\n\n<p>Sergio Massa\u00a0se reuni\u00f3 con la\u00a0<strong>CGT<\/strong>\u00a0(Confederaci\u00f3n General del Trabajo de la Rep\u00fablica Argentina) y referentes de los\u00a0<strong>movimientos sociales<\/strong>\u00a0en la sede de Hacienda. All\u00ed les anunci\u00f3 que el plan del Gobierno es llegar a un acuerdo entre precios y salarios.<\/p>\n\n\n\n<p>Massa argument\u00f3 que se necesita de un <strong>\u00absendero de 90 d\u00edas de estabilidad\u00bb<\/strong> y para eso, a partir de este s\u00e1bado 30 de abril, convocar\u00eda a todos los sectores a una mesa de di\u00e1logo, donde tambi\u00e9n se incluir\u00e1 a empresarios.<\/p>\n\n\n\n<h2 class=\"wp-block-heading\">Participantes del encuentro<\/h2>\n\n\n\n<p>Estuvieron presentes junto al ministro los referentes de la CGT&nbsp;<strong>H\u00e9ctor Daer, Andres Rodr\u00edguez, Carlos Acu\u00f1a, Gerardo Mart\u00ednez, Jorge Sola, Jos\u00e9 Luis Lingeri y Armando Cavalieri.<\/strong><\/p>\n\n\n\n<p>En tanto, por parte de los movimientos sociales participaron los dirigentes que tambi\u00e9n tienen funciones en el Gobierno,&nbsp;<strong>Emilio P\u00e9rsico, Chino Navarro y Daniel Men\u00e9ndez.<\/strong><\/p>\n","protected":false},"excerpt":{"rendered":"<p>Esta decisi\u00f3n se debe a la necesidad de estabilizar la econom\u00eda por parte del Gobierno Nacional. Sergio Massa\u00a0se reuni\u00f3 con la\u00a0CGT\u00a0(Confederaci\u00f3n General del Trabajo de la Rep\u00fablica Argentina) y referentes de los\u00a0movimientos sociales\u00a0en la sede de Hacienda. All\u00ed les anunci\u00f3 que el plan del Gobierno es llegar a un acuerdo entre precios y salarios. Massa [&hellip;]<\/p>\n","protected":false},"author":2,"featured_media":0,"comment_status":"closed","ping_status":"open","sticky":false,"template":"","format":"standard","meta":{"footnotes":""},"categories":[8],"tags":[118,42,117,119],"class_list":{"0":"post-5070","1":"post","2":"type-post","3":"status-publish","4":"format-standard","6":"category-nacionales","7":"tag-argentina","8":"tag-featured","9":"tag-gobierno-nacional","10":"tag-sergio-massa"},"_links":{"self":[{"href":"http:\/\/zoomproducciones.com.ar\/zoomp\/wp-json\/wp\/v2\/posts\/5070","targetHints":{"allow":["GET"]}}],"collection":[{"href":"http:\/\/zoomproducciones.com.ar\/zoomp\/wp-json\/wp\/v2\/posts"}],"about":[{"href":"http:\/\/zoomproducciones.com.ar\/zoomp\/wp-json\/wp\/v2\/types\/post"}],"author":[{"embeddable":true,"href":"http:\/\/zoomproducciones.com.ar\/zoomp\/wp-json\/wp\/v2\/users\/2"}],"replies":[{"embeddable":true,"href":"http:\/\/zoomproducciones.com.ar\/zoomp\/wp-json\/wp\/v2\/comments?post=5070"}],"version-history":[{"count":1,"href":"http:\/\/zoomproducciones.com.ar\/zoomp\/wp-json\/wp\/v2\/posts\/5070\/revisions"}],"predecessor-version":[{"id":5072,"href":"http:\/\/zoomproducciones.com.ar\/zoomp\/wp-json\/wp\/v2\/posts\/5070\/revisions\/5072"}],"wp:attachment":[{"href":"http:\/\/zoomproducciones.com.ar\/zoomp\/wp-json\/wp\/v2\/media?parent=5070"}],"wp:term":[{"taxonomy":"category","embeddable":true,"href":"http:\/\/zoomproducciones.com.ar\/zoomp\/wp-json\/wp\/v2\/categories?post=5070"},{"taxonomy":"post_tag","embeddable":true,"href":"http:\/\/zoomproducciones.com.ar\/zoomp\/wp-json\/wp\/v2\/tags?post=5070"}],"curies":[{"name":"wp","href":"https:\/\/api.w.org\/{rel}","templated":true}]}}