{"id":5067,"date":"2023-04-27T08:44:09","date_gmt":"2023-04-27T11:44:09","guid":{"rendered":"http:\/\/zoomproducciones.com.ar\/zoomp\/?p=5067"},"modified":"2023-04-27T08:44:12","modified_gmt":"2023-04-27T11:44:12","slug":"pichetto-lanzo-su-precandidatura-a-presidente-de-la-nacion","status":"publish","type":"post","link":"http:\/\/zoomproducciones.com.ar\/zoomp\/pichetto-lanzo-su-precandidatura-a-presidente-de-la-nacion\/","title":{"rendered":"Pichetto lanz\u00f3 su precandidatura a Presidente de la Naci\u00f3n"},"content":{"rendered":"\n<p>En un acto en Ferro, Miguel \u00c1ngel Pichetto lanz\u00f3 su precandidatura para presidente dentro del espacio de\u00a0<strong>Juntos por el Cambio<\/strong>. El m\u00e1ximo referente del\u00a0<strong>Encuentro Republicano Federal (ERF)<\/strong> se suma a la carrera por los comicios de este a\u00f1o.<\/p>\n\n\n\n<p>\u00bbVengo a ofrecer una vida dedicada al servicio p\u00fablico, vengo a ofrecer experiencia, los temas de la Argentina los conozco, s\u00e9 cu\u00e1les fueron los errores\u00bb expres\u00f3 Pichetto acompa\u00f1ado del diputado del PRO\u00a0<strong>Diego Santilli<\/strong>.<\/p>\n\n\n\n<p>\u00bbNuestra visi\u00f3n del pa\u00eds no es pesimista, tenemos un plan una propuesta y un equipo para gobernar el pa\u00eds, sabemos para donde sale la Argentina: por la producci\u00f3n y el trabajo\u00bb, destac\u00f3.<\/p>\n\n\n\n<p>El ex candidato a vice por la reelecci\u00f3n de Macri en 2019 expres\u00f3 que quiere y debe rodearse de personas inteligentes. \u00abSe termin\u00f3 un ciclo en el pa\u00eds y viene otra etapa con di\u00e1logo pol\u00edtico que es imprescindible.\u00a0<strong>No hay que tenerle miedo al di\u00e1logo es inherente a la pol\u00edtica.<\/strong>\u00a0Lleg\u00f3 la hora de pensar en la Argentina y que la Argentina funcione\u00bb, agreg\u00f3.<\/p>\n\n\n\n<p>\u00bb\u00bbEl presidente que viene en la Argentina tiene que tener autoridad, el poder debe estar en la\u00a0<strong>Casa Rosada<\/strong>, con el presidente, no fuera de la\u00a0<strong>Casa Rosada<\/strong>, no se pueden tomar decisiones fuera de la figura presidencial\u00bb expres\u00f3 refiriendose a Alberto Fern\u00e1ndez.<\/p>\n\n\n\n<p>\u00bbHay que tener coraje y el cuero duro para hacer el cambio en la\u00a0<strong>Argentina<\/strong>, hay que tener equilibrio emocional, hay que tener bajo nivel de emociones y mucha racionalidad\u00bb, remarc\u00f3.<\/p>\n\n\n\n<h2 class=\"wp-block-heading\">Qui\u00e9nes estuvieron presentes<\/h2>\n\n\n\n<p>El candidato a gobernador bonaerense\u00a0<strong>Diego Santilli<\/strong>; el postulante a intendente de Quilmes\u00a0<strong>Martiniano Molina<\/strong>; los sindicalistas\u00a0<strong>Dante Cama\u00f1o<\/strong>\u00a0y\u00a0<strong>Marcelo Peretta<\/strong>; el ex presidente\u00a0<strong>Ram\u00f3n Puerta<\/strong>; el ex gobernador salte\u00f1o Juan\u00a0<strong>Carlos Romero<\/strong>; el ex defensor del Pueblo\u00a0<strong>Eduardo Mondino<\/strong>;\u00a0<strong>Claudia Rucci<\/strong>, la hija de Carlos Reutemann,<strong>\u00a0Cora Reutemann<\/strong>\u00a0y\u00a0<strong>Florencia Arietto<\/strong>, entre otros.<\/p>\n","protected":false},"excerpt":{"rendered":"<p>En un acto en Ferro, Miguel \u00c1ngel Pichetto lanz\u00f3 su precandidatura para presidente dentro del espacio de\u00a0Juntos por el Cambio. El m\u00e1ximo referente del\u00a0Encuentro Republicano Federal (ERF) se suma a la carrera por los comicios de este a\u00f1o. \u00bbVengo a ofrecer una vida dedicada al servicio p\u00fablico, vengo a ofrecer experiencia, los temas de la [&hellip;]<\/p>\n","protected":false},"author":2,"featured_media":0,"comment_status":"closed","ping_status":"open","sticky":false,"template":"","format":"standard","meta":{"footnotes":""},"categories":[8],"tags":[118,175,42],"class_list":{"0":"post-5067","1":"post","2":"type-post","3":"status-publish","4":"format-standard","6":"category-nacionales","7":"tag-argentina","8":"tag-elecciones-2023","9":"tag-featured"},"_links":{"self":[{"href":"http:\/\/zoomproducciones.com.ar\/zoomp\/wp-json\/wp\/v2\/posts\/5067","targetHints":{"allow":["GET"]}}],"collection":[{"href":"http:\/\/zoomproducciones.com.ar\/zoomp\/wp-json\/wp\/v2\/posts"}],"about":[{"href":"http:\/\/zoomproducciones.com.ar\/zoomp\/wp-json\/wp\/v2\/types\/post"}],"author":[{"embeddable":true,"href":"http:\/\/zoomproducciones.com.ar\/zoomp\/wp-json\/wp\/v2\/users\/2"}],"replies":[{"embeddable":true,"href":"http:\/\/zoomproducciones.com.ar\/zoomp\/wp-json\/wp\/v2\/comments?post=5067"}],"version-history":[{"count":1,"href":"http:\/\/zoomproducciones.com.ar\/zoomp\/wp-json\/wp\/v2\/posts\/5067\/revisions"}],"predecessor-version":[{"id":5069,"href":"http:\/\/zoomproducciones.com.ar\/zoomp\/wp-json\/wp\/v2\/posts\/5067\/revisions\/5069"}],"wp:attachment":[{"href":"http:\/\/zoomproducciones.com.ar\/zoomp\/wp-json\/wp\/v2\/media?parent=5067"}],"wp:term":[{"taxonomy":"category","embeddable":true,"href":"http:\/\/zoomproducciones.com.ar\/zoomp\/wp-json\/wp\/v2\/categories?post=5067"},{"taxonomy":"post_tag","embeddable":true,"href":"http:\/\/zoomproducciones.com.ar\/zoomp\/wp-json\/wp\/v2\/tags?post=5067"}],"curies":[{"name":"wp","href":"https:\/\/api.w.org\/{rel}","templated":true}]}}