{"id":5057,"date":"2023-04-26T20:28:07","date_gmt":"2023-04-26T23:28:07","guid":{"rendered":"http:\/\/zoomproducciones.com.ar\/zoomp\/?p=5057"},"modified":"2023-04-26T20:28:07","modified_gmt":"2023-04-26T23:28:07","slug":"jey-mammon-aseguro-que-pronto-volvera-a-la-tv","status":"publish","type":"post","link":"http:\/\/zoomproducciones.com.ar\/zoomp\/jey-mammon-aseguro-que-pronto-volvera-a-la-tv\/","title":{"rendered":"Jey Mammon asegur\u00f3 que pronto volver\u00e1 a la TV"},"content":{"rendered":"\n<p>Jey Mammon asegur\u00f3 a un periodista que su regreso a la TV es inminente. \u00abLa tele es mi lugar as\u00ed que\u00a0<strong>pronto vamos a volver<\/strong>, obvio\u00bb le comunic\u00f3 a un trabajador de la Revista Paparazzis al salir de un restaurante.<\/p>\n\n\n\n<p>Tras su regreso al pa\u00eds, luego de haber estado en Espa\u00f1a, el conductor acusado de abusar de Lucas Benvenuto coment\u00f3 que tiene en mente volver a su lugar de trabajo.<\/p>\n\n\n\n<p>En cuanto a su salida de<em>\u00a0<\/em>\u201cLa Pe\u00f1a de Morfi\u201d, Jey dijo que\u00a0<strong>\u201cest\u00e1 bien ahora, estamos tranquilos\u201d<\/strong>. Tambi\u00e9n afirm\u00f3 que sigue manteniendo una\u00a0<strong>buena relaci\u00f3n con J\u00e9sica Cirio<\/strong>, su compa\u00f1era en el programa.<\/p>\n\n\n\n<p><\/p>\n","protected":false},"excerpt":{"rendered":"<p>Jey Mammon asegur\u00f3 a un periodista que su regreso a la TV es inminente. \u00abLa tele es mi lugar as\u00ed que\u00a0pronto vamos a volver, obvio\u00bb le comunic\u00f3 a un trabajador de la Revista Paparazzis al salir de un restaurante. Tras su regreso al pa\u00eds, luego de haber estado en Espa\u00f1a, el conductor acusado de abusar [&hellip;]<\/p>\n","protected":false},"author":2,"featured_media":0,"comment_status":"closed","ping_status":"open","sticky":false,"template":"","format":"standard","meta":{"footnotes":""},"categories":[6],"tags":[118,122],"class_list":{"0":"post-5057","1":"post","2":"type-post","3":"status-publish","4":"format-standard","6":"category-infogral","7":"tag-argentina","8":"tag-policiales"},"_links":{"self":[{"href":"http:\/\/zoomproducciones.com.ar\/zoomp\/wp-json\/wp\/v2\/posts\/5057","targetHints":{"allow":["GET"]}}],"collection":[{"href":"http:\/\/zoomproducciones.com.ar\/zoomp\/wp-json\/wp\/v2\/posts"}],"about":[{"href":"http:\/\/zoomproducciones.com.ar\/zoomp\/wp-json\/wp\/v2\/types\/post"}],"author":[{"embeddable":true,"href":"http:\/\/zoomproducciones.com.ar\/zoomp\/wp-json\/wp\/v2\/users\/2"}],"replies":[{"embeddable":true,"href":"http:\/\/zoomproducciones.com.ar\/zoomp\/wp-json\/wp\/v2\/comments?post=5057"}],"version-history":[{"count":1,"href":"http:\/\/zoomproducciones.com.ar\/zoomp\/wp-json\/wp\/v2\/posts\/5057\/revisions"}],"predecessor-version":[{"id":5058,"href":"http:\/\/zoomproducciones.com.ar\/zoomp\/wp-json\/wp\/v2\/posts\/5057\/revisions\/5058"}],"wp:attachment":[{"href":"http:\/\/zoomproducciones.com.ar\/zoomp\/wp-json\/wp\/v2\/media?parent=5057"}],"wp:term":[{"taxonomy":"category","embeddable":true,"href":"http:\/\/zoomproducciones.com.ar\/zoomp\/wp-json\/wp\/v2\/categories?post=5057"},{"taxonomy":"post_tag","embeddable":true,"href":"http:\/\/zoomproducciones.com.ar\/zoomp\/wp-json\/wp\/v2\/tags?post=5057"}],"curies":[{"name":"wp","href":"https:\/\/api.w.org\/{rel}","templated":true}]}}