{"id":5022,"date":"2023-04-26T09:02:33","date_gmt":"2023-04-26T12:02:33","guid":{"rendered":"http:\/\/zoomproducciones.com.ar\/zoomp\/?p=5022"},"modified":"2023-04-26T09:02:34","modified_gmt":"2023-04-26T12:02:34","slug":"larreta-podria-llegar-a-la-fiesta-nacional-del-surubi","status":"publish","type":"post","link":"http:\/\/zoomproducciones.com.ar\/zoomp\/larreta-podria-llegar-a-la-fiesta-nacional-del-surubi\/","title":{"rendered":"Larreta podr\u00eda llegar a la Fiesta Nacional del Surub\u00ed"},"content":{"rendered":"\n<p>\u00bbTenemos informaci\u00f3n de que va a ir\u201d expres\u00f3 Gustavo Vald\u00e9s ante las consultas sobre si el precandidato a presidente llegar\u00e1 a Goya a participar de la nueva edici\u00f3n de la Fiesta del Surub\u00ed. \u201cSe hab\u00eda comprometido a ir\u00bb sentenci\u00f3.<\/p>\n\n\n\n<p>El marco de la 46\u00aa Fiesta Nacional del Surub\u00ed funcionar\u00e1 de vidriera pol\u00edtica y el gobernador Gustavo Vald\u00e9s aguarda la llegada del precandidato a presidente de la Naci\u00f3n, Horacio Rodr\u00edguez Larreta.\u00a0<\/p>\n\n\n\n<p>\u00a0\u201cQue venga a conocer el proyecto tur\u00edstico que es enorme, que es un mundial de pesca donde hay m\u00e1s de 1200 competidores, donde se mueve toda la econom\u00eda de la zona. Goya se viste de gala y poder compartir con figuras nacionales, para nosotros, es fundamental\u201d, agreg\u00f3 Vald\u00e9s. <\/p>\n\n\n\n<h2 class=\"wp-block-heading\">Larreta visit\u00f3 Goya en marzo<\/h2>\n\n\n\n<p>El jueves 9 de marzo, Vald\u00e9s y Larreta recorrieron Goya junto al intendente Mariano Hormaechea. All\u00ed, ambos mandatarios dieron una conferencia de prensa previo al anuncio de Horacio Rodr\u00edguez de ser precandidato a presidente de la Naci\u00f3n. <\/p>\n","protected":false},"excerpt":{"rendered":"<p>\u00bbTenemos informaci\u00f3n de que va a ir\u201d expres\u00f3 Gustavo Vald\u00e9s ante las consultas sobre si el precandidato a presidente llegar\u00e1 a Goya a participar de la nueva edici\u00f3n de la Fiesta del Surub\u00ed. \u201cSe hab\u00eda comprometido a ir\u00bb sentenci\u00f3. El marco de la 46\u00aa Fiesta Nacional del Surub\u00ed funcionar\u00e1 de vidriera pol\u00edtica y el gobernador [&hellip;]<\/p>\n","protected":false},"author":2,"featured_media":0,"comment_status":"closed","ping_status":"open","sticky":false,"template":"","format":"standard","meta":{"footnotes":""},"categories":[3],"tags":[125,137,123,365],"class_list":{"0":"post-5022","1":"post","2":"type-post","3":"status-publish","4":"format-standard","6":"category-provinciales","7":"tag-corrientes","8":"tag-goya","9":"tag-gustavo-valdes","10":"tag-horacio-rodriguez-larreta"},"_links":{"self":[{"href":"http:\/\/zoomproducciones.com.ar\/zoomp\/wp-json\/wp\/v2\/posts\/5022","targetHints":{"allow":["GET"]}}],"collection":[{"href":"http:\/\/zoomproducciones.com.ar\/zoomp\/wp-json\/wp\/v2\/posts"}],"about":[{"href":"http:\/\/zoomproducciones.com.ar\/zoomp\/wp-json\/wp\/v2\/types\/post"}],"author":[{"embeddable":true,"href":"http:\/\/zoomproducciones.com.ar\/zoomp\/wp-json\/wp\/v2\/users\/2"}],"replies":[{"embeddable":true,"href":"http:\/\/zoomproducciones.com.ar\/zoomp\/wp-json\/wp\/v2\/comments?post=5022"}],"version-history":[{"count":1,"href":"http:\/\/zoomproducciones.com.ar\/zoomp\/wp-json\/wp\/v2\/posts\/5022\/revisions"}],"predecessor-version":[{"id":5023,"href":"http:\/\/zoomproducciones.com.ar\/zoomp\/wp-json\/wp\/v2\/posts\/5022\/revisions\/5023"}],"wp:attachment":[{"href":"http:\/\/zoomproducciones.com.ar\/zoomp\/wp-json\/wp\/v2\/media?parent=5022"}],"wp:term":[{"taxonomy":"category","embeddable":true,"href":"http:\/\/zoomproducciones.com.ar\/zoomp\/wp-json\/wp\/v2\/categories?post=5022"},{"taxonomy":"post_tag","embeddable":true,"href":"http:\/\/zoomproducciones.com.ar\/zoomp\/wp-json\/wp\/v2\/tags?post=5022"}],"curies":[{"name":"wp","href":"https:\/\/api.w.org\/{rel}","templated":true}]}}