{"id":5017,"date":"2023-04-26T08:25:14","date_gmt":"2023-04-26T11:25:14","guid":{"rendered":"http:\/\/zoomproducciones.com.ar\/zoomp\/?p=5017"},"modified":"2023-04-26T08:25:14","modified_gmt":"2023-04-26T11:25:14","slug":"fernandez-acuso-a-la-derecha-por-el-aumento-del-dolar-y-por-solicitarle-al-fmi-cortes-al-credito","status":"publish","type":"post","link":"http:\/\/zoomproducciones.com.ar\/zoomp\/fernandez-acuso-a-la-derecha-por-el-aumento-del-dolar-y-por-solicitarle-al-fmi-cortes-al-credito\/","title":{"rendered":"Fern\u00e1ndez acus\u00f3 a la derecha por el aumento del D\u00f3lar y por solicitarle al FMI cortes al cr\u00e9dito"},"content":{"rendered":"\n<p>Tras la suba del D\u00f3lar Blue a 500 pesos el d\u00eda de ayer, Alberto Fern\u00e1ndez explot\u00f3 contra la derecha argentina. \u00bbPrimero instalan rumores a la ma\u00f1ana, luego operan durante todo el d\u00eda y cuando termina la tarde, retiran su rentabilidad del mercado cambiario\u00bb expres\u00f3 v\u00eda Twitter.<\/p>\n\n\n\n<p>\u00bbAsistimos a una pr\u00e1ctica permanente de la derecha argentina\u00bb comenz\u00f3 diciendo el presidente argentino. \u00bbNo es novedad, siempre lo han hecho. Se han ido al exterior a hablar en contra de los Gobiernos populares y ahora lo hacen otra vez, <strong>pidiendo que nos corten el cr\u00e9dito y que nos exijan m\u00e1s ajuste sobre el pueblo<\/strong>\u00bb.<\/p>\n\n\n\n<figure class=\"wp-block-embed is-type-rich is-provider-twitter wp-block-embed-twitter\"><div class=\"wp-block-embed__wrapper\">\n<blockquote class=\"twitter-tweet\" data-width=\"550\" data-dnt=\"true\"><p lang=\"es\" dir=\"ltr\">Alguna vez, la derecha deber\u00eda pensar en la Argentina, en quienes viven y trabajan en este pa\u00eds, antes que en sus negocios e intereses pol\u00edticos.<br><br>Con el ministro <a href=\"https:\/\/twitter.com\/SergioMassa?ref_src=twsrc%5Etfw\">@SergioMassa<\/a> estamos trabajando consustanciados para enfrentar este escenario.<\/p>&mdash; Alberto Fern\u00e1ndez (@alferdez) <a href=\"https:\/\/twitter.com\/alferdez\/status\/1650907528111308804?ref_src=twsrc%5Etfw\">April 25, 2023<\/a><\/blockquote><script async src=\"https:\/\/platform.twitter.com\/widgets.js\" charset=\"utf-8\"><\/script>\n<\/div><\/figure>\n\n\n\n<p>En su \u00faltimo tweet, el presidente apoy\u00f3 a Sergio Massa y asegur\u00f3 que ambos est\u00e1n trabajando \u00bbpara enfrentar este escenario\u00bb.<\/p>\n","protected":false},"excerpt":{"rendered":"<p>Tras la suba del D\u00f3lar Blue a 500 pesos el d\u00eda de ayer, Alberto Fern\u00e1ndez explot\u00f3 contra la derecha argentina. \u00bbPrimero instalan rumores a la ma\u00f1ana, luego operan durante todo el d\u00eda y cuando termina la tarde, retiran su rentabilidad del mercado cambiario\u00bb expres\u00f3 v\u00eda Twitter. \u00bbAsistimos a una pr\u00e1ctica permanente de la derecha argentina\u00bb [&hellip;]<\/p>\n","protected":false},"author":2,"featured_media":0,"comment_status":"closed","ping_status":"open","sticky":false,"template":"","format":"standard","meta":{"footnotes":""},"categories":[8],"tags":[128,118,42,117],"class_list":{"0":"post-5017","1":"post","2":"type-post","3":"status-publish","4":"format-standard","6":"category-nacionales","7":"tag-alberto-fernandez","8":"tag-argentina","9":"tag-featured","10":"tag-gobierno-nacional"},"_links":{"self":[{"href":"http:\/\/zoomproducciones.com.ar\/zoomp\/wp-json\/wp\/v2\/posts\/5017","targetHints":{"allow":["GET"]}}],"collection":[{"href":"http:\/\/zoomproducciones.com.ar\/zoomp\/wp-json\/wp\/v2\/posts"}],"about":[{"href":"http:\/\/zoomproducciones.com.ar\/zoomp\/wp-json\/wp\/v2\/types\/post"}],"author":[{"embeddable":true,"href":"http:\/\/zoomproducciones.com.ar\/zoomp\/wp-json\/wp\/v2\/users\/2"}],"replies":[{"embeddable":true,"href":"http:\/\/zoomproducciones.com.ar\/zoomp\/wp-json\/wp\/v2\/comments?post=5017"}],"version-history":[{"count":1,"href":"http:\/\/zoomproducciones.com.ar\/zoomp\/wp-json\/wp\/v2\/posts\/5017\/revisions"}],"predecessor-version":[{"id":5018,"href":"http:\/\/zoomproducciones.com.ar\/zoomp\/wp-json\/wp\/v2\/posts\/5017\/revisions\/5018"}],"wp:attachment":[{"href":"http:\/\/zoomproducciones.com.ar\/zoomp\/wp-json\/wp\/v2\/media?parent=5017"}],"wp:term":[{"taxonomy":"category","embeddable":true,"href":"http:\/\/zoomproducciones.com.ar\/zoomp\/wp-json\/wp\/v2\/categories?post=5017"},{"taxonomy":"post_tag","embeddable":true,"href":"http:\/\/zoomproducciones.com.ar\/zoomp\/wp-json\/wp\/v2\/tags?post=5017"}],"curies":[{"name":"wp","href":"https:\/\/api.w.org\/{rel}","templated":true}]}}