{"id":5005,"date":"2023-04-25T11:47:40","date_gmt":"2023-04-25T14:47:40","guid":{"rendered":"http:\/\/zoomproducciones.com.ar\/zoomp\/?p=5005"},"modified":"2023-04-25T13:27:09","modified_gmt":"2023-04-25T16:27:09","slug":"alcides-acuna-la-fuga-de-gas-fue-producto-de-una-maquina-pesada","status":"publish","type":"post","link":"http:\/\/zoomproducciones.com.ar\/zoomp\/alcides-acuna-la-fuga-de-gas-fue-producto-de-una-maquina-pesada\/","title":{"rendered":"Alcides Acu\u00f1a: \u00bbla fuga de gas fue producto de una m\u00e1quina pesada\u00bb"},"content":{"rendered":"\n<p>El Director de Defensa Civil de Paso de los Libres, Alcides Acu\u00f1a, charl\u00f3 con Tire y Afloje sobre la fuga de gas que sufri\u00f3 la ciudad el d\u00eda de ayer.<\/p>\n\n\n\n<figure class=\"wp-block-image size-large\"><a href=\"http:\/\/zoomproducciones.com.ar\/zoomp\/wp-content\/uploads\/2023\/04\/image-61.png\"><img decoding=\"async\" src=\"http:\/\/zoomproducciones.com.ar\/zoomp\/wp-content\/uploads\/2023\/04\/image-61-1024x535.png\" alt=\"\" class=\"wp-image-5006\"\/><\/a><\/figure>\n\n\n\n<p>\u00bbYo tom\u00e9 conocimiento del hecho a partir de las 14 horas por medio del se\u00f1or Secretario de Gobierno y personal de bomberos voluntarios\u00bb coment\u00f3 el Director. \u00bbLa fuga de gas fue bastante considerable\u00bb.<\/p>\n\n\n\n<p>\u00bbCuando llego vi que estaban trabajando Bomberos Voluntarios y personal de Transito y ped\u00ed la colaboraci\u00f3n del Comisario Baroni para que nos ayuden en la emergencia\u00bb explic\u00f3. <strong>\u00bbNosotros tratamos de evacuar la zona y los vecinos debieron abandonar sus hogares\u00bb.<\/strong><\/p>\n\n\n\n<p>\u00bb<strong>La fuga se ocasion\u00f3 producto de una m\u00e1quina pesada que estaba trabajando en el lugar y da\u00f1\u00f3 un ca\u00f1o de gas que pasa por la vereda de la calle Col\u00f3n\u00bb<\/strong> explic\u00f3 el funcionario. \u00bbSe trataba de un ca\u00f1o de 50 &#8211; 60 mil\u00edmetros y eso hizo que se pierda <strong>gas a mucha presi\u00f3n<\/strong>\u00bb. <\/p>\n\n\n\n<p>\u00bbEl personal, que son los prestatarios del servicio del gas, vinieron de Curuz\u00fa Cuati\u00e1 y por eso se ocasion\u00f3 la demora\u00bb explic\u00f3 el Director. \u00bbYa nosotros tuvimos dos o tres perdidas de gas bastantes considerables en Paso de los Libres y tambi\u00e9n tuvimos que esperar que vengan personas de la empresa\u00bb.<\/p>\n\n\n\n<p>\u00bbPaso de los Libres debe tener los t\u00e9cnicos en la ciudad\u00bb coment\u00f3.<\/p>\n\n\n\n<p>Ante la consulta de si el hecho se ocasion\u00f3 de manera accidental o si directamente las personas no conoc\u00edan que hab\u00eda una ca\u00f1er\u00eda de gas, Alcides Acu\u00f1a respondi\u00f3: <strong>\u00bbFue accidental porque los ingenieros ten\u00edan todos los planos de la Avenida Col\u00f3n y la zona\u00bb. <\/strong><\/p>\n\n\n\n<p>Para escuchar la nota completa:<\/p>\n\n\n\n<figure class=\"wp-block-embed is-type-video is-provider-youtube wp-block-embed-youtube wp-embed-aspect-16-9 wp-has-aspect-ratio\"><div class=\"wp-block-embed__wrapper\">\n<iframe loading=\"lazy\"  id=\"_ytid_95710\"  width=\"1000\" height=\"562\"  data-origwidth=\"1000\" data-origheight=\"562\" src=\"https:\/\/www.youtube.com\/embed\/jswkK0hk-8w?enablejsapi=1&#038;autoplay=0&#038;cc_load_policy=0&#038;cc_lang_pref=&#038;iv_load_policy=1&#038;loop=0&#038;rel=1&#038;fs=1&#038;playsinline=0&#038;autohide=2&#038;theme=dark&#038;color=red&#038;controls=1&#038;disablekb=0&#038;\" class=\"__youtube_prefs__  epyt-is-override  no-lazyload\" title=\"YouTube player\"  allow=\"fullscreen; accelerometer; autoplay; clipboard-write; encrypted-media; gyroscope; picture-in-picture; web-share\" referrerpolicy=\"strict-origin-when-cross-origin\" allowfullscreen data-no-lazy=\"1\" data-skipgform_ajax_framebjll=\"\"><\/iframe>\n<\/div><\/figure>\n","protected":false},"excerpt":{"rendered":"<p>El Director de Defensa Civil de Paso de los Libres, Alcides Acu\u00f1a, charl\u00f3 con Tire y Afloje sobre la fuga de gas que sufri\u00f3 la ciudad el d\u00eda de ayer. \u00bbYo tom\u00e9 conocimiento del hecho a partir de las 14 horas por medio del se\u00f1or Secretario de Gobierno y personal de bomberos voluntarios\u00bb coment\u00f3 el [&hellip;]<\/p>\n","protected":false},"author":2,"featured_media":0,"comment_status":"closed","ping_status":"open","sticky":false,"template":"","format":"video","meta":{"footnotes":""},"categories":[5],"tags":[42,116],"class_list":{"0":"post-5005","1":"post","2":"type-post","3":"status-publish","4":"format-video","6":"category-locales","7":"tag-featured","8":"tag-paso-de-los-libres","9":"post_format-post-format-video"},"_links":{"self":[{"href":"http:\/\/zoomproducciones.com.ar\/zoomp\/wp-json\/wp\/v2\/posts\/5005","targetHints":{"allow":["GET"]}}],"collection":[{"href":"http:\/\/zoomproducciones.com.ar\/zoomp\/wp-json\/wp\/v2\/posts"}],"about":[{"href":"http:\/\/zoomproducciones.com.ar\/zoomp\/wp-json\/wp\/v2\/types\/post"}],"author":[{"embeddable":true,"href":"http:\/\/zoomproducciones.com.ar\/zoomp\/wp-json\/wp\/v2\/users\/2"}],"replies":[{"embeddable":true,"href":"http:\/\/zoomproducciones.com.ar\/zoomp\/wp-json\/wp\/v2\/comments?post=5005"}],"version-history":[{"count":2,"href":"http:\/\/zoomproducciones.com.ar\/zoomp\/wp-json\/wp\/v2\/posts\/5005\/revisions"}],"predecessor-version":[{"id":5011,"href":"http:\/\/zoomproducciones.com.ar\/zoomp\/wp-json\/wp\/v2\/posts\/5005\/revisions\/5011"}],"wp:attachment":[{"href":"http:\/\/zoomproducciones.com.ar\/zoomp\/wp-json\/wp\/v2\/media?parent=5005"}],"wp:term":[{"taxonomy":"category","embeddable":true,"href":"http:\/\/zoomproducciones.com.ar\/zoomp\/wp-json\/wp\/v2\/categories?post=5005"},{"taxonomy":"post_tag","embeddable":true,"href":"http:\/\/zoomproducciones.com.ar\/zoomp\/wp-json\/wp\/v2\/tags?post=5005"}],"curies":[{"name":"wp","href":"https:\/\/api.w.org\/{rel}","templated":true}]}}