{"id":4999,"date":"2023-04-25T09:30:01","date_gmt":"2023-04-25T12:30:01","guid":{"rendered":"http:\/\/zoomproducciones.com.ar\/zoomp\/?p=4999"},"modified":"2023-04-25T09:30:02","modified_gmt":"2023-04-25T12:30:02","slug":"eco-vamos-corrientes-presenta-oficialmente-a-sus-candidatos-para-el-11-de-junio","status":"publish","type":"post","link":"http:\/\/zoomproducciones.com.ar\/zoomp\/eco-vamos-corrientes-presenta-oficialmente-a-sus-candidatos-para-el-11-de-junio\/","title":{"rendered":"ECO + Vamos Corrientes presenta oficialmente a sus candidatos para el 11 de junio"},"content":{"rendered":"\n<p>Este martes, a partir de las 10 am, Vald\u00e9s presentar\u00e1 a los candidatos del partido en la sede de la Sociedad Espa\u00f1ola en la ciudad capitalina. <\/p>\n\n\n\n<p>Ser\u00e1n presentados los candidatos a concejales por la Capital, como as\u00ed tambien sus diputados y senadores provinciales. Las elecciones legislativas se llevar\u00e1n a cabo en 47 d\u00edas y ECO + Vamos Corrientes tiene las expectativas de dominar, a\u00fan m\u00e1s, las bancas de ambas c\u00e1maras.<\/p>\n\n\n\n<p>Dicha presentaci\u00f3n se televisar\u00e1 en vivo, adem\u00e1s de las diferentes transmisiones en las redes sociales que apoyan a la alianza gobernante.<\/p>\n\n\n\n<h2 class=\"wp-block-heading\">Candidatos<\/h2>\n\n\n\n<p>SENADORES:<\/p>\n\n\n\n<p><strong>1-COLOMBI, HORACIO RICARDO<\/strong><\/p>\n\n\n\n<p><strong>2- QUINTANA, SONIA BEATRIZ<\/strong><\/p>\n\n\n\n<p><strong>3- FLINTA, SERGIO MOISES<\/strong><\/p>\n\n\n\n<p><strong>4- LERTORA, LUCRECIA ADRIANA<\/strong><\/p>\n\n\n\n<p><strong>5- FERNANDEZ BLANCO, JOSELINO\u00a0<\/strong><\/p>\n\n\n\n<p>DIPUTADOS:<\/p>\n\n\n\n<p><strong>1- CASSANI, PEDRO GERARDO<\/strong><\/p>\n\n\n\n<p><strong>2- LAZAROFF PUCCIARELLO, LORENA MARIA ANDREA<\/strong><\/p>\n\n\n\n<p><strong>3- AST, NORBERTO<\/strong><\/p>\n\n\n\n<p><strong>4- GALARZA, SILVIA PATRICIA<\/strong><\/p>\n\n\n\n<p><strong>5- VASSEL, JOSE LISANDRO<\/strong><\/p>\n\n\n\n<p><strong>6 -PAVON, VALERIA LUCIANA<\/strong><\/p>\n\n\n\n<p><strong>7- HARDOY, EDUARDO DANIEL<\/strong><\/p>\n\n\n\n<p><strong>8- AMENDOLA, ANA GABRIELA<\/strong><\/p>\n\n\n\n<p><strong>9- MENDEZ VERNENGO, JESUS RAUL<\/strong><\/p>\n\n\n\n<p><strong>10 -NAZER, ELIANA GRACIELA<\/strong><\/p>\n\n\n\n<p><strong>11- VALLEJOS, VICTOR HUGO<\/strong><\/p>\n\n\n\n<p><strong>12- PEREYRA, LUCIA ELIZABETH<\/strong><\/p>\n\n\n\n<p><strong>13 -BARROS PERKINS, ANTONIO JORGE<\/strong><\/p>\n\n\n\n<p><strong>14- CORONEL, SABRINA GISELLE<\/strong><\/p>\n\n\n\n<p><strong>15 -FRETTE, NESTOR HORACIO<\/strong><\/p>\n","protected":false},"excerpt":{"rendered":"<p>Este martes, a partir de las 10 am, Vald\u00e9s presentar\u00e1 a los candidatos del partido en la sede de la Sociedad Espa\u00f1ola en la ciudad capitalina. Ser\u00e1n presentados los candidatos a concejales por la Capital, como as\u00ed tambien sus diputados y senadores provinciales. Las elecciones legislativas se llevar\u00e1n a cabo en 47 d\u00edas y ECO [&hellip;]<\/p>\n","protected":false},"author":2,"featured_media":0,"comment_status":"closed","ping_status":"open","sticky":false,"template":"","format":"standard","meta":{"footnotes":""},"categories":[3],"tags":[125,421,113,123],"class_list":{"0":"post-4999","1":"post","2":"type-post","3":"status-publish","4":"format-standard","6":"category-provinciales","7":"tag-corrientes","8":"tag-elecciones-legislativas","9":"tag-gobierno-provincial","10":"tag-gustavo-valdes"},"_links":{"self":[{"href":"http:\/\/zoomproducciones.com.ar\/zoomp\/wp-json\/wp\/v2\/posts\/4999","targetHints":{"allow":["GET"]}}],"collection":[{"href":"http:\/\/zoomproducciones.com.ar\/zoomp\/wp-json\/wp\/v2\/posts"}],"about":[{"href":"http:\/\/zoomproducciones.com.ar\/zoomp\/wp-json\/wp\/v2\/types\/post"}],"author":[{"embeddable":true,"href":"http:\/\/zoomproducciones.com.ar\/zoomp\/wp-json\/wp\/v2\/users\/2"}],"replies":[{"embeddable":true,"href":"http:\/\/zoomproducciones.com.ar\/zoomp\/wp-json\/wp\/v2\/comments?post=4999"}],"version-history":[{"count":1,"href":"http:\/\/zoomproducciones.com.ar\/zoomp\/wp-json\/wp\/v2\/posts\/4999\/revisions"}],"predecessor-version":[{"id":5001,"href":"http:\/\/zoomproducciones.com.ar\/zoomp\/wp-json\/wp\/v2\/posts\/4999\/revisions\/5001"}],"wp:attachment":[{"href":"http:\/\/zoomproducciones.com.ar\/zoomp\/wp-json\/wp\/v2\/media?parent=4999"}],"wp:term":[{"taxonomy":"category","embeddable":true,"href":"http:\/\/zoomproducciones.com.ar\/zoomp\/wp-json\/wp\/v2\/categories?post=4999"},{"taxonomy":"post_tag","embeddable":true,"href":"http:\/\/zoomproducciones.com.ar\/zoomp\/wp-json\/wp\/v2\/tags?post=4999"}],"curies":[{"name":"wp","href":"https:\/\/api.w.org\/{rel}","templated":true}]}}