{"id":4988,"date":"2023-04-25T08:53:19","date_gmt":"2023-04-25T11:53:19","guid":{"rendered":"http:\/\/zoomproducciones.com.ar\/zoomp\/?p=4988"},"modified":"2023-04-25T08:53:19","modified_gmt":"2023-04-25T11:53:19","slug":"ciudad-la-fuga-de-gas-ya-fue-controlada","status":"publish","type":"post","link":"http:\/\/zoomproducciones.com.ar\/zoomp\/ciudad-la-fuga-de-gas-ya-fue-controlada\/","title":{"rendered":"Ciudad: la fuga de gas ya fue controlada"},"content":{"rendered":"\n<p>Este lunes se activ\u00f3 el sistema de emergencia ante una fuga de gas en la intersecci\u00f3n de las calles Rivadavia y Col\u00f3n. La misma fue generada mientras se ejecutaban trabajos con maquinaria pesada en el lugar.<\/p>\n\n\n\n<p>Inmediatamente se activ\u00f3 el protocolo correspondiente a la emergencia y se coordinaron trabajos preventivos para evitar da\u00f1os a personas y a la propiedad.<\/p>\n\n\n\n<p>Con Defensa Civil a cargo del operativo, actuaron m\u00f3viles y personal de Bomberos Voluntarios, efectivos y patrulleros de la Polic\u00eda de la provincia de Corrientes, inspectores de tr\u00e1nsito y personal de la Direcci\u00f3n de Defensa Civil.<\/p>\n\n\n\n<p>Pasadas las 17 hs, la fuga fue contenida y reparada, permitiendo el restablecimiento del tr\u00e1nsito y de la actividad comercial de la zona.<\/p>\n","protected":false},"excerpt":{"rendered":"<p>Este lunes se activ\u00f3 el sistema de emergencia ante una fuga de gas en la intersecci\u00f3n de las calles Rivadavia y Col\u00f3n. La misma fue generada mientras se ejecutaban trabajos con maquinaria pesada en el lugar. Inmediatamente se activ\u00f3 el protocolo correspondiente a la emergencia y se coordinaron trabajos preventivos para evitar da\u00f1os a personas [&hellip;]<\/p>\n","protected":false},"author":2,"featured_media":0,"comment_status":"closed","ping_status":"open","sticky":false,"template":"","format":"standard","meta":{"footnotes":""},"categories":[5],"tags":[42,115,116],"class_list":{"0":"post-4988","1":"post","2":"type-post","3":"status-publish","4":"format-standard","6":"category-locales","7":"tag-featured","8":"tag-municipalidad","9":"tag-paso-de-los-libres"},"_links":{"self":[{"href":"http:\/\/zoomproducciones.com.ar\/zoomp\/wp-json\/wp\/v2\/posts\/4988","targetHints":{"allow":["GET"]}}],"collection":[{"href":"http:\/\/zoomproducciones.com.ar\/zoomp\/wp-json\/wp\/v2\/posts"}],"about":[{"href":"http:\/\/zoomproducciones.com.ar\/zoomp\/wp-json\/wp\/v2\/types\/post"}],"author":[{"embeddable":true,"href":"http:\/\/zoomproducciones.com.ar\/zoomp\/wp-json\/wp\/v2\/users\/2"}],"replies":[{"embeddable":true,"href":"http:\/\/zoomproducciones.com.ar\/zoomp\/wp-json\/wp\/v2\/comments?post=4988"}],"version-history":[{"count":1,"href":"http:\/\/zoomproducciones.com.ar\/zoomp\/wp-json\/wp\/v2\/posts\/4988\/revisions"}],"predecessor-version":[{"id":4990,"href":"http:\/\/zoomproducciones.com.ar\/zoomp\/wp-json\/wp\/v2\/posts\/4988\/revisions\/4990"}],"wp:attachment":[{"href":"http:\/\/zoomproducciones.com.ar\/zoomp\/wp-json\/wp\/v2\/media?parent=4988"}],"wp:term":[{"taxonomy":"category","embeddable":true,"href":"http:\/\/zoomproducciones.com.ar\/zoomp\/wp-json\/wp\/v2\/categories?post=4988"},{"taxonomy":"post_tag","embeddable":true,"href":"http:\/\/zoomproducciones.com.ar\/zoomp\/wp-json\/wp\/v2\/tags?post=4988"}],"curies":[{"name":"wp","href":"https:\/\/api.w.org\/{rel}","templated":true}]}}