{"id":4963,"date":"2023-04-24T13:50:13","date_gmt":"2023-04-24T16:50:13","guid":{"rendered":"http:\/\/zoomproducciones.com.ar\/zoomp\/?p=4963"},"modified":"2023-04-24T13:50:13","modified_gmt":"2023-04-24T16:50:13","slug":"por-el-dia-del-trabajador-los-continuados-tocaran-en-libres-con-entrada-gratuita","status":"publish","type":"post","link":"http:\/\/zoomproducciones.com.ar\/zoomp\/por-el-dia-del-trabajador-los-continuados-tocaran-en-libres-con-entrada-gratuita\/","title":{"rendered":"Por el D\u00eda del Trabajador: Los Continuados tocar\u00e1n en Libres con entrada gratuita"},"content":{"rendered":"\n<p>El evento es organizado por Agust\u00edn Faraldo y Vamos Corrientes.<\/p>\n\n\n\n<p>El pr\u00f3ximo 30 de abril, en el predio del Club N\u00e1utico, se llevar\u00e1 a cabo el Festival por el D\u00eda del Trabajador. Desde las 15 horas, varios artistas, entre ellos el grupo Los Continuados, dar\u00e1n un show gratuito. Es un evento para toda la familia.<\/p>\n\n\n\n<figure class=\"wp-block-image size-full\"><a href=\"http:\/\/zoomproducciones.com.ar\/zoomp\/wp-content\/uploads\/2023\/04\/image-53.png\"><img decoding=\"async\" src=\"http:\/\/zoomproducciones.com.ar\/zoomp\/wp-content\/uploads\/2023\/04\/image-53.png\" alt=\"\" class=\"wp-image-4964\"\/><\/a><\/figure>\n\n\n\n<p>Ese d\u00eda tocar\u00e1n: Los Continuados, Lito Acu\u00f1a, Grupo Amistad, Los Tropicales y muchos m\u00e1s. Adem\u00e1s habr\u00e1n juegos infantiles, castillos inflables, chocolate caliente, tortas fritas, etc. <\/p>\n","protected":false},"excerpt":{"rendered":"<p>El evento es organizado por Agust\u00edn Faraldo y Vamos Corrientes. El pr\u00f3ximo 30 de abril, en el predio del Club N\u00e1utico, se llevar\u00e1 a cabo el Festival por el D\u00eda del Trabajador. Desde las 15 horas, varios artistas, entre ellos el grupo Los Continuados, dar\u00e1n un show gratuito. Es un evento para toda la familia. [&hellip;]<\/p>\n","protected":false},"author":2,"featured_media":0,"comment_status":"closed","ping_status":"open","sticky":false,"template":"","format":"standard","meta":{"footnotes":""},"categories":[5],"tags":[439,116,456],"class_list":{"0":"post-4963","1":"post","2":"type-post","3":"status-publish","4":"format-standard","6":"category-locales","7":"tag-agustin-faraldo","8":"tag-paso-de-los-libres","9":"tag-vamos-corrientes"},"_links":{"self":[{"href":"http:\/\/zoomproducciones.com.ar\/zoomp\/wp-json\/wp\/v2\/posts\/4963","targetHints":{"allow":["GET"]}}],"collection":[{"href":"http:\/\/zoomproducciones.com.ar\/zoomp\/wp-json\/wp\/v2\/posts"}],"about":[{"href":"http:\/\/zoomproducciones.com.ar\/zoomp\/wp-json\/wp\/v2\/types\/post"}],"author":[{"embeddable":true,"href":"http:\/\/zoomproducciones.com.ar\/zoomp\/wp-json\/wp\/v2\/users\/2"}],"replies":[{"embeddable":true,"href":"http:\/\/zoomproducciones.com.ar\/zoomp\/wp-json\/wp\/v2\/comments?post=4963"}],"version-history":[{"count":1,"href":"http:\/\/zoomproducciones.com.ar\/zoomp\/wp-json\/wp\/v2\/posts\/4963\/revisions"}],"predecessor-version":[{"id":4966,"href":"http:\/\/zoomproducciones.com.ar\/zoomp\/wp-json\/wp\/v2\/posts\/4963\/revisions\/4966"}],"wp:attachment":[{"href":"http:\/\/zoomproducciones.com.ar\/zoomp\/wp-json\/wp\/v2\/media?parent=4963"}],"wp:term":[{"taxonomy":"category","embeddable":true,"href":"http:\/\/zoomproducciones.com.ar\/zoomp\/wp-json\/wp\/v2\/categories?post=4963"},{"taxonomy":"post_tag","embeddable":true,"href":"http:\/\/zoomproducciones.com.ar\/zoomp\/wp-json\/wp\/v2\/tags?post=4963"}],"curies":[{"name":"wp","href":"https:\/\/api.w.org\/{rel}","templated":true}]}}