{"id":4956,"date":"2023-04-24T13:11:47","date_gmt":"2023-04-24T16:11:47","guid":{"rendered":"http:\/\/zoomproducciones.com.ar\/zoomp\/?p=4956"},"modified":"2023-04-24T13:11:48","modified_gmt":"2023-04-24T16:11:48","slug":"karlen-insisti-en-la-unidad-del-peronismo-pero-no-nos-llamaron","status":"publish","type":"post","link":"http:\/\/zoomproducciones.com.ar\/zoomp\/karlen-insisti-en-la-unidad-del-peronismo-pero-no-nos-llamaron\/","title":{"rendered":"Karlen: \u00bbinsist\u00ed en la unidad del peronismo pero no nos llamaron\u00bb"},"content":{"rendered":"\n<p>Alejandro Karlen, candidato a diputado provincial del frente\u00a0\u00abGanemos Corrientes\u00bb, reflexion\u00f3 sobre el peronismo en las elecciones legislativas y el armado de listas. \u00bbInsist\u00ed poder lograr la unidad y poder trabajar en conjunto; y <strong>cuando lleg\u00f3 la hora de la reuni\u00f3n a nosotros no nos invitaron\u00bb.<\/strong><\/p>\n\n\n\n<p>En comunicaci\u00f3n con la radio capitalina El Litoral, Karlen coment\u00f3 la propuesta de su partido \u00bbGanemos Corrientes\u00bb. <strong>\u00abTenemos que volver a recuperar el peronismo<\/strong>,\u00a0 no puede seguir en manos de intrusos y de usurpadores,\u00a0 tenemos que rescatar el peronismo para la sociedad y\u00a0 fundamentalmente para la provincia\u00bb, se\u00f1al\u00f3.<\/p>\n\n\n\n<p>En cuanto al esquema dividido del PJ, Karlen dijo: \u00abYo insist\u00ed,\u00a0<strong>pagu\u00e9 4 asados en mi casa para poder lograr la unidad y poder trabajar en conjunto<\/strong>; y cuando lleg\u00f3 la hora de la reuni\u00f3n a nosotros no nos invitaron\u00bb.\u00a0<\/p>\n\n\n\n<h2 class=\"wp-block-heading\">La propuesta de Ganemos Corrientes<\/h2>\n\n\n\n<h4 class=\"wp-block-heading\">LISTA DE SENADORES PROVINCIALES<\/h4>\n\n\n\n<ol class=\"wp-block-list\">\n<li><strong>Pedro Coquito Raimondi (Goya)<\/strong><\/li>\n\n\n\n<li><strong>Lilian Caruzo (Capital)<\/strong><\/li>\n\n\n\n<li><strong>Mart\u00edn R\u00edos<\/strong><\/li>\n<\/ol>\n\n\n\n<h4 class=\"wp-block-heading\">LISTA DE DIPUTADOS PROVINCIALES<\/h4>\n\n\n\n<p><strong>1-Alejandro Karlen<\/strong><\/p>\n\n\n\n<p><strong>2-Sonia L\u00f3pez (PC)<\/strong><\/p>\n\n\n\n<p><strong>3- Jos\u00e9 Tata Sananez (Santa Luc\u00eda)<\/strong><\/p>\n\n\n\n<p><strong>4-Ver\u00f3nica L\u00f3pez Pereyra (Bella Vista)<\/strong><\/p>\n","protected":false},"excerpt":{"rendered":"<p>Alejandro Karlen, candidato a diputado provincial del frente\u00a0\u00abGanemos Corrientes\u00bb, reflexion\u00f3 sobre el peronismo en las elecciones legislativas y el armado de listas. \u00bbInsist\u00ed poder lograr la unidad y poder trabajar en conjunto; y cuando lleg\u00f3 la hora de la reuni\u00f3n a nosotros no nos invitaron\u00bb. En comunicaci\u00f3n con la radio capitalina El Litoral, Karlen coment\u00f3 [&hellip;]<\/p>\n","protected":false},"author":2,"featured_media":0,"comment_status":"closed","ping_status":"open","sticky":false,"template":"","format":"standard","meta":{"footnotes":""},"categories":[3],"tags":[455,421],"class_list":{"0":"post-4956","1":"post","2":"type-post","3":"status-publish","4":"format-standard","6":"category-provinciales","7":"tag-alejandro-karlen","8":"tag-elecciones-legislativas"},"_links":{"self":[{"href":"http:\/\/zoomproducciones.com.ar\/zoomp\/wp-json\/wp\/v2\/posts\/4956","targetHints":{"allow":["GET"]}}],"collection":[{"href":"http:\/\/zoomproducciones.com.ar\/zoomp\/wp-json\/wp\/v2\/posts"}],"about":[{"href":"http:\/\/zoomproducciones.com.ar\/zoomp\/wp-json\/wp\/v2\/types\/post"}],"author":[{"embeddable":true,"href":"http:\/\/zoomproducciones.com.ar\/zoomp\/wp-json\/wp\/v2\/users\/2"}],"replies":[{"embeddable":true,"href":"http:\/\/zoomproducciones.com.ar\/zoomp\/wp-json\/wp\/v2\/comments?post=4956"}],"version-history":[{"count":1,"href":"http:\/\/zoomproducciones.com.ar\/zoomp\/wp-json\/wp\/v2\/posts\/4956\/revisions"}],"predecessor-version":[{"id":4958,"href":"http:\/\/zoomproducciones.com.ar\/zoomp\/wp-json\/wp\/v2\/posts\/4956\/revisions\/4958"}],"wp:attachment":[{"href":"http:\/\/zoomproducciones.com.ar\/zoomp\/wp-json\/wp\/v2\/media?parent=4956"}],"wp:term":[{"taxonomy":"category","embeddable":true,"href":"http:\/\/zoomproducciones.com.ar\/zoomp\/wp-json\/wp\/v2\/categories?post=4956"},{"taxonomy":"post_tag","embeddable":true,"href":"http:\/\/zoomproducciones.com.ar\/zoomp\/wp-json\/wp\/v2\/tags?post=4956"}],"curies":[{"name":"wp","href":"https:\/\/api.w.org\/{rel}","templated":true}]}}