{"id":4953,"date":"2023-04-24T12:56:37","date_gmt":"2023-04-24T15:56:37","guid":{"rendered":"http:\/\/zoomproducciones.com.ar\/zoomp\/?p=4953"},"modified":"2023-04-24T13:22:00","modified_gmt":"2023-04-24T16:22:00","slug":"corrientes-condearon-a-seis-anos-al-padre-que-abuso-sexualmente-de-sus-tres-hijas-menores","status":"publish","type":"post","link":"http:\/\/zoomproducciones.com.ar\/zoomp\/corrientes-condearon-a-seis-anos-al-padre-que-abuso-sexualmente-de-sus-tres-hijas-menores\/","title":{"rendered":"Corrientes: condenaron a seis a\u00f1os al padre que abus\u00f3 sexualmente de sus tres hijas menores"},"content":{"rendered":"\n<p>La Justicia de Corrientes conden\u00f3 a seis a\u00f1os de prisi\u00f3n a Gustavo Acevedo, por abusar sexualmente de sus tres hijas. El fallo se dio a conocer este lunes y la madre de las menores de edad reproch\u00f3 la decisi\u00f3n de los jueces. \u00bbSeis miserables a\u00f1os por abusar de sus propias hijas que sufrieron y siguen sufriendo\u00bb.<\/p>\n\n\n\n<p>De acuerdo al fallo, el hombre que fue condenado&nbsp;por el <strong>delito de abuso sexual simple agravado por el vinculo en la modalidad de delito continuado.<\/strong><\/p>\n\n\n\n<p>El abogado de la madre y las menores de edad expres\u00f3 que apelar\u00e1n al fallo. \u201cApelaremos a recurso de casaci\u00f3n porque consideramos que la sentencia gener\u00f3 agravio\u201d expres\u00f3 \u201cApelaremos a recurso de casaci\u00f3n porque consideramos que la sentencia gener\u00f3 agravio\u201d.<\/p>\n\n\n\n<p>\u201cSon 6 miserables a\u00f1os que le dieron por 3 nenas, por sus propias hijas que sufrieron y siguen sufriendo. Esto le marc\u00f3 para toda la vida\u201d, dijo la mam\u00e1 de las v\u00edctimas en di\u00e1logo con Radio Sudamericana.<\/p>\n\n\n\n<h2 class=\"wp-block-heading\">Caso<\/h2>\n\n\n\n<p>La madre de las menores est\u00e1 separada del acusado hace 10 a\u00f1os. Por consecuencia, las v\u00edctimas visitaban a su progenitor los fines de semana, ya que \u00e9l trabajaba de lunes a viernes.&nbsp;<\/p>\n\n\n\n<p>En el a\u00f1o 2019, las menores, que para la fecha de la denuncia ten\u00edan <strong>9 y 11 a\u00f1os,<\/strong> le relataron a su madre los abusos que habr\u00edan atravesado en la casa de su padre. Inmediatamente ella fue a radicar la denuncia.&nbsp;<\/p>\n\n\n\n<p>Tras unos meses la hija mayor, de entonces 14 a\u00f1os, tambi\u00e9n le coment\u00f3 que habr\u00eda pasado situaciones similares con el denunciado. Por ende la madre radic\u00f3 la <strong>segunda denuncia.&nbsp;<\/strong><\/p>\n\n\n\n<p>Acevedo neg\u00f3 rotundamente las acusaciones que pesan sobre \u00e9l. Una cuesti\u00f3n puntual remite a que \u00e9l afirmaba que sus hijas nunca compartieron ni la pieza, ni durmieron en la cama con \u00e9l.<\/p>\n","protected":false},"excerpt":{"rendered":"<p>La Justicia de Corrientes conden\u00f3 a seis a\u00f1os de prisi\u00f3n a Gustavo Acevedo, por abusar sexualmente de sus tres hijas. El fallo se dio a conocer este lunes y la madre de las menores de edad reproch\u00f3 la decisi\u00f3n de los jueces. \u00bbSeis miserables a\u00f1os por abusar de sus propias hijas que sufrieron y siguen [&hellip;]<\/p>\n","protected":false},"author":2,"featured_media":0,"comment_status":"closed","ping_status":"open","sticky":false,"template":"","format":"standard","meta":{"footnotes":""},"categories":[3],"tags":[125,42,454,122],"class_list":{"0":"post-4953","1":"post","2":"type-post","3":"status-publish","4":"format-standard","6":"category-provinciales","7":"tag-corrientes","8":"tag-featured","9":"tag-judiciales","10":"tag-policiales"},"_links":{"self":[{"href":"http:\/\/zoomproducciones.com.ar\/zoomp\/wp-json\/wp\/v2\/posts\/4953","targetHints":{"allow":["GET"]}}],"collection":[{"href":"http:\/\/zoomproducciones.com.ar\/zoomp\/wp-json\/wp\/v2\/posts"}],"about":[{"href":"http:\/\/zoomproducciones.com.ar\/zoomp\/wp-json\/wp\/v2\/types\/post"}],"author":[{"embeddable":true,"href":"http:\/\/zoomproducciones.com.ar\/zoomp\/wp-json\/wp\/v2\/users\/2"}],"replies":[{"embeddable":true,"href":"http:\/\/zoomproducciones.com.ar\/zoomp\/wp-json\/wp\/v2\/comments?post=4953"}],"version-history":[{"count":2,"href":"http:\/\/zoomproducciones.com.ar\/zoomp\/wp-json\/wp\/v2\/posts\/4953\/revisions"}],"predecessor-version":[{"id":4960,"href":"http:\/\/zoomproducciones.com.ar\/zoomp\/wp-json\/wp\/v2\/posts\/4953\/revisions\/4960"}],"wp:attachment":[{"href":"http:\/\/zoomproducciones.com.ar\/zoomp\/wp-json\/wp\/v2\/media?parent=4953"}],"wp:term":[{"taxonomy":"category","embeddable":true,"href":"http:\/\/zoomproducciones.com.ar\/zoomp\/wp-json\/wp\/v2\/categories?post=4953"},{"taxonomy":"post_tag","embeddable":true,"href":"http:\/\/zoomproducciones.com.ar\/zoomp\/wp-json\/wp\/v2\/tags?post=4953"}],"curies":[{"name":"wp","href":"https:\/\/api.w.org\/{rel}","templated":true}]}}