{"id":4518,"date":"2023-03-31T17:46:05","date_gmt":"2023-03-31T20:46:05","guid":{"rendered":"http:\/\/zoomproducciones.com.ar\/zoomp\/?p=4518"},"modified":"2023-03-31T17:46:06","modified_gmt":"2023-03-31T20:46:06","slug":"lucas-benvenuto-respondio-a-jey-mammon-dejen-de-normalizar-el-abuso","status":"publish","type":"post","link":"http:\/\/zoomproducciones.com.ar\/zoomp\/lucas-benvenuto-respondio-a-jey-mammon-dejen-de-normalizar-el-abuso\/","title":{"rendered":"Lucas Benvenuto respondi\u00f3 a Jey Mammon: \u00bbDejen de normalizar el abuso\u00bb"},"content":{"rendered":"\n<p>Tras la entrevista de Jey Mammon con Jorge Rial, Lucas Benvenuto expres\u00f3 su disgusto en redes sociales: \u00bb<strong>Dejen de normalizar el abuso\u201d<\/strong>.<\/p>\n\n\n\n<p>Jey Mammon declar\u00f3 que cuando conoci\u00f3 a Lucas no ten\u00eda 14 a\u00f1os, como figura en la denuncia, sino 16. Ante eso, el joven respondi\u00f3: <strong>\u201c14 a\u00f1os, yo no miento. \u00bfQu\u00e9 parte no se entiende? Dejen de normalizar el abuso\u201d.<\/strong><\/p>\n\n\n\n<p>Adem\u00e1s, Lucas respondi\u00f3 a la frase \u00bbDeseo de todo coraz\u00f3n que pueda sanar su alma\u00bb y poste\u00f3: \u00a0<strong>\u201cCuando ten\u00eda 14 a\u00f1os me dec\u00edas lo mismo, pero en la cama. Qu\u00e9 iron\u00eda, \u00bfverdad?\u00bb. <\/strong><\/p>\n\n\n\n<p>\u00bb<strong>Marcelo Rocca Clement (denunciado por abuso) me dec\u00eda lo mismo pero a los 12. Est\u00e1n cortados por la misma tijera estos HDP\u201d<\/strong> expres\u00f3.<\/p>\n\n\n\n<p><strong>\u201cPens\u00e9 que no iba a llegar a vivir para ver c\u00f3mo mi abusador me manda un abrazo por TELEVISI\u00d3N<\/strong>\u00a0y desea \u2018que mi alma sane\u2019. Qu\u00e9 grande los medios\u201d, ironiz\u00f3 Lucas, quien luego\u00a0<strong>habl\u00f3 de resiliencia en sus redes.<\/strong><\/p>\n\n\n\n<figure class=\"wp-block-image size-full\"><a href=\"http:\/\/zoomproducciones.com.ar\/zoomp\/wp-content\/uploads\/2023\/03\/image-31.png\"><img decoding=\"async\" src=\"http:\/\/zoomproducciones.com.ar\/zoomp\/wp-content\/uploads\/2023\/03\/image-31.png\" alt=\"\" class=\"wp-image-4519\"\/><\/a><\/figure>\n","protected":false},"excerpt":{"rendered":"<p>Tras la entrevista de Jey Mammon con Jorge Rial, Lucas Benvenuto expres\u00f3 su disgusto en redes sociales: \u00bbDejen de normalizar el abuso\u201d. Jey Mammon declar\u00f3 que cuando conoci\u00f3 a Lucas no ten\u00eda 14 a\u00f1os, como figura en la denuncia, sino 16. Ante eso, el joven respondi\u00f3: \u201c14 a\u00f1os, yo no miento. \u00bfQu\u00e9 parte no se [&hellip;]<\/p>\n","protected":false},"author":2,"featured_media":0,"comment_status":"closed","ping_status":"open","sticky":false,"template":"","format":"standard","meta":{"footnotes":""},"categories":[8],"tags":[122],"class_list":{"0":"post-4518","1":"post","2":"type-post","3":"status-publish","4":"format-standard","6":"category-nacionales","7":"tag-policiales"},"_links":{"self":[{"href":"http:\/\/zoomproducciones.com.ar\/zoomp\/wp-json\/wp\/v2\/posts\/4518","targetHints":{"allow":["GET"]}}],"collection":[{"href":"http:\/\/zoomproducciones.com.ar\/zoomp\/wp-json\/wp\/v2\/posts"}],"about":[{"href":"http:\/\/zoomproducciones.com.ar\/zoomp\/wp-json\/wp\/v2\/types\/post"}],"author":[{"embeddable":true,"href":"http:\/\/zoomproducciones.com.ar\/zoomp\/wp-json\/wp\/v2\/users\/2"}],"replies":[{"embeddable":true,"href":"http:\/\/zoomproducciones.com.ar\/zoomp\/wp-json\/wp\/v2\/comments?post=4518"}],"version-history":[{"count":1,"href":"http:\/\/zoomproducciones.com.ar\/zoomp\/wp-json\/wp\/v2\/posts\/4518\/revisions"}],"predecessor-version":[{"id":4521,"href":"http:\/\/zoomproducciones.com.ar\/zoomp\/wp-json\/wp\/v2\/posts\/4518\/revisions\/4521"}],"wp:attachment":[{"href":"http:\/\/zoomproducciones.com.ar\/zoomp\/wp-json\/wp\/v2\/media?parent=4518"}],"wp:term":[{"taxonomy":"category","embeddable":true,"href":"http:\/\/zoomproducciones.com.ar\/zoomp\/wp-json\/wp\/v2\/categories?post=4518"},{"taxonomy":"post_tag","embeddable":true,"href":"http:\/\/zoomproducciones.com.ar\/zoomp\/wp-json\/wp\/v2\/tags?post=4518"}],"curies":[{"name":"wp","href":"https:\/\/api.w.org\/{rel}","templated":true}]}}