{"id":4514,"date":"2023-03-31T17:27:17","date_gmt":"2023-03-31T20:27:17","guid":{"rendered":"http:\/\/zoomproducciones.com.ar\/zoomp\/?p=4514"},"modified":"2023-03-31T17:27:17","modified_gmt":"2023-03-31T20:27:17","slug":"jey-mammon-desconozco-los-motivos-por-los-que-me-denuncio","status":"publish","type":"post","link":"http:\/\/zoomproducciones.com.ar\/zoomp\/jey-mammon-desconozco-los-motivos-por-los-que-me-denuncio\/","title":{"rendered":"Jey Mammon: \u00bbdesconozco los motivos por los que me denunci\u00f3\u00bb"},"content":{"rendered":"\n<p>Jey Mammon, luego de romper el silencio v\u00eda redes sociales, brind\u00f3 una entrevista cara a cara a Jorge Rial. En la nota, el acusado expresa desconocer el motivo que le llev\u00f3 a Lucas Benvenuto a tomar la decisi\u00f3n de denunciarlo. \u00bb<strong>Lucas fue para m\u00ed un v\u00ednculo amoroso hermoso&#8217;<\/strong>&#8216;.<\/p>\n\n\n\n<h2 class=\"wp-block-heading\">\u00bfQu\u00e9 vinculo ten\u00edan Jey Mammon con Lucas?<\/h2>\n\n\n\n<p>Seg\u00fan el famoso conductor, su v\u00ednculo con Lucas Benvenuto fue hermoso. \u00ab<strong>Hay una diferencia con una relaci\u00f3n<\/strong>. Yo tomo la palabra v\u00ednculo como cuando te ves con una persona, pasa espor\u00e1dicamente el tiempo, te volv\u00e9s a ver\u00bb.<\/p>\n\n\n\n<p>Y detall\u00f3: \u00ab<strong>Fue un v\u00ednculo fuerte el que tuve con \u00e9l<\/strong>.\u00a0<strong>Hasta le compuse una canci\u00f3n<\/strong>. Fue una de las pocas canciones de amor que compuse en mi vida\u00bb.<\/p>\n\n\n\n<p>\u00abLo conoc\u00ed a Lucas <strong>cuando ten\u00eda 16 a\u00f1os<\/strong>,\u00a0<strong>en el 2009<\/strong>. Tenemos manera de testificarlo, porque hay testigos, hay videos, hay un link en YouTube de esta fiesta\u00bb.<\/p>\n\n\n\n<p>\u00abUn a\u00f1o antes de la denuncia, me mand\u00f3 (Lucas a Jey) un mensaje y me dijo: &#8216;<strong>Yo no soy una de esas personas que van a ir a la televisi\u00f3n a decir que estuve con Jey Mamm\u00f3n<\/strong>,\u00a0<strong>quedate tranquilo<\/strong>&#8216;\u00bb, revel\u00f3 el conductor.<\/p>\n\n\n\n<p>Continuando con la entrevista, Jey expres\u00f3: \u00abYo lo que necesito, porque es una necesidad, es que quede claro, clar\u00edsimo, que\u00a0<strong>yo no viol\u00e9<\/strong>,\u00a0<strong>ni abus\u00e9 ni drogu\u00e9 a un nene de 14 a\u00f1os<\/strong>. Las razones por las que \u00e9l hizo esa denuncia falsa las desconozco\u00bb.<\/p>\n\n\n\n<p>\u00a0\u00ab<strong>Con Lucas nos cuidamos<\/strong>,\u00a0<strong>nos amamos y nos quisimos<\/strong>. Si ped\u00ed el Juicio por la Verdad es porque no soporto lo que se est\u00e1 diciendo\u00bb, concluy\u00f3.<\/p>\n","protected":false},"excerpt":{"rendered":"<p>Jey Mammon, luego de romper el silencio v\u00eda redes sociales, brind\u00f3 una entrevista cara a cara a Jorge Rial. En la nota, el acusado expresa desconocer el motivo que le llev\u00f3 a Lucas Benvenuto a tomar la decisi\u00f3n de denunciarlo. \u00bbLucas fue para m\u00ed un v\u00ednculo amoroso hermoso&#8217;&#8216;. \u00bfQu\u00e9 vinculo ten\u00edan Jey Mammon con Lucas? [&hellip;]<\/p>\n","protected":false},"author":2,"featured_media":0,"comment_status":"closed","ping_status":"open","sticky":false,"template":"","format":"standard","meta":{"footnotes":""},"categories":[8],"tags":[122],"class_list":{"0":"post-4514","1":"post","2":"type-post","3":"status-publish","4":"format-standard","6":"category-nacionales","7":"tag-policiales"},"_links":{"self":[{"href":"http:\/\/zoomproducciones.com.ar\/zoomp\/wp-json\/wp\/v2\/posts\/4514","targetHints":{"allow":["GET"]}}],"collection":[{"href":"http:\/\/zoomproducciones.com.ar\/zoomp\/wp-json\/wp\/v2\/posts"}],"about":[{"href":"http:\/\/zoomproducciones.com.ar\/zoomp\/wp-json\/wp\/v2\/types\/post"}],"author":[{"embeddable":true,"href":"http:\/\/zoomproducciones.com.ar\/zoomp\/wp-json\/wp\/v2\/users\/2"}],"replies":[{"embeddable":true,"href":"http:\/\/zoomproducciones.com.ar\/zoomp\/wp-json\/wp\/v2\/comments?post=4514"}],"version-history":[{"count":1,"href":"http:\/\/zoomproducciones.com.ar\/zoomp\/wp-json\/wp\/v2\/posts\/4514\/revisions"}],"predecessor-version":[{"id":4516,"href":"http:\/\/zoomproducciones.com.ar\/zoomp\/wp-json\/wp\/v2\/posts\/4514\/revisions\/4516"}],"wp:attachment":[{"href":"http:\/\/zoomproducciones.com.ar\/zoomp\/wp-json\/wp\/v2\/media?parent=4514"}],"wp:term":[{"taxonomy":"category","embeddable":true,"href":"http:\/\/zoomproducciones.com.ar\/zoomp\/wp-json\/wp\/v2\/categories?post=4514"},{"taxonomy":"post_tag","embeddable":true,"href":"http:\/\/zoomproducciones.com.ar\/zoomp\/wp-json\/wp\/v2\/tags?post=4514"}],"curies":[{"name":"wp","href":"https:\/\/api.w.org\/{rel}","templated":true}]}}