{"id":3932,"date":"2023-03-08T12:14:27","date_gmt":"2023-03-08T15:14:27","guid":{"rendered":"http:\/\/zoomproducciones.com.ar\/zoomp\/?p=3932"},"modified":"2023-03-08T12:14:28","modified_gmt":"2023-03-08T15:14:28","slug":"larreta-regresa-a-corrientes-y-recorrera-goya-junto-a-valdes","status":"publish","type":"post","link":"http:\/\/zoomproducciones.com.ar\/zoomp\/larreta-regresa-a-corrientes-y-recorrera-goya-junto-a-valdes\/","title":{"rendered":"Larreta regresa a Corrientes y recorrer\u00e1 Goya junto a Vald\u00e9s"},"content":{"rendered":"\n<p>El precandidato a presidente, Horacio Rodr\u00edguez Larreta, regresa a Corrientes para cumplir agenda con el Gobernador. El jefe de gobierno porte\u00f1o y Gustavo Vald\u00e9s recorrer\u00e1n Goya este jueves junto al intendente Mariano Hormaechea. <\/p>\n\n\n\n<p>El intendente goyano confirm\u00f3 la visita del gobernador y el precandidato a presidente en una radio local. \u201cVendr\u00edan por agua hasta Goya cerca de las 16, aunque falta definir la agenda\u201d, confirm\u00f3 Hormaechea.<\/p>\n\n\n\n<p>Se espera una conferencia de prensa entre Larreta, Vald\u00e9s y el mandatario goyano. <\/p>\n\n\n\n<p>La agenda contempla adem\u00e1s la presencia de estos funcionarios en un local gastron\u00f3mico c\u00e9ntrico ubicado por calle Mariano I. Loza, frente a plaza Mitre, a las 17 horas, previo a la partida pautada para la hora 18.<\/p>\n\n\n\n<p>Nuevamente el gobernador se mostrar\u00e1 al lado del candidato confirmado, por ahora, de Juntos por el Cambio, fuerte aliado del radicalismo. <\/p>\n","protected":false},"excerpt":{"rendered":"<p>El precandidato a presidente, Horacio Rodr\u00edguez Larreta, regresa a Corrientes para cumplir agenda con el Gobernador. El jefe de gobierno porte\u00f1o y Gustavo Vald\u00e9s recorrer\u00e1n Goya este jueves junto al intendente Mariano Hormaechea. El intendente goyano confirm\u00f3 la visita del gobernador y el precandidato a presidente en una radio local. \u201cVendr\u00edan por agua hasta Goya [&hellip;]<\/p>\n","protected":false},"author":2,"featured_media":0,"comment_status":"closed","ping_status":"open","sticky":false,"template":"","format":"standard","meta":{"footnotes":""},"categories":[3],"tags":[125,42,113,123,365],"class_list":{"0":"post-3932","1":"post","2":"type-post","3":"status-publish","4":"format-standard","6":"category-provinciales","7":"tag-corrientes","8":"tag-featured","9":"tag-gobierno-provincial","10":"tag-gustavo-valdes","11":"tag-horacio-rodriguez-larreta"},"_links":{"self":[{"href":"http:\/\/zoomproducciones.com.ar\/zoomp\/wp-json\/wp\/v2\/posts\/3932","targetHints":{"allow":["GET"]}}],"collection":[{"href":"http:\/\/zoomproducciones.com.ar\/zoomp\/wp-json\/wp\/v2\/posts"}],"about":[{"href":"http:\/\/zoomproducciones.com.ar\/zoomp\/wp-json\/wp\/v2\/types\/post"}],"author":[{"embeddable":true,"href":"http:\/\/zoomproducciones.com.ar\/zoomp\/wp-json\/wp\/v2\/users\/2"}],"replies":[{"embeddable":true,"href":"http:\/\/zoomproducciones.com.ar\/zoomp\/wp-json\/wp\/v2\/comments?post=3932"}],"version-history":[{"count":1,"href":"http:\/\/zoomproducciones.com.ar\/zoomp\/wp-json\/wp\/v2\/posts\/3932\/revisions"}],"predecessor-version":[{"id":3934,"href":"http:\/\/zoomproducciones.com.ar\/zoomp\/wp-json\/wp\/v2\/posts\/3932\/revisions\/3934"}],"wp:attachment":[{"href":"http:\/\/zoomproducciones.com.ar\/zoomp\/wp-json\/wp\/v2\/media?parent=3932"}],"wp:term":[{"taxonomy":"category","embeddable":true,"href":"http:\/\/zoomproducciones.com.ar\/zoomp\/wp-json\/wp\/v2\/categories?post=3932"},{"taxonomy":"post_tag","embeddable":true,"href":"http:\/\/zoomproducciones.com.ar\/zoomp\/wp-json\/wp\/v2\/tags?post=3932"}],"curies":[{"name":"wp","href":"https:\/\/api.w.org\/{rel}","templated":true}]}}