{"id":3929,"date":"2023-03-08T11:55:01","date_gmt":"2023-03-08T14:55:01","guid":{"rendered":"http:\/\/zoomproducciones.com.ar\/zoomp\/?p=3929"},"modified":"2023-03-08T11:55:01","modified_gmt":"2023-03-08T14:55:01","slug":"lucha-narco-llegaron-a-rosario-las-fuerzas-armadas-enviadas-desde-nacion","status":"publish","type":"post","link":"http:\/\/zoomproducciones.com.ar\/zoomp\/lucha-narco-llegaron-a-rosario-las-fuerzas-armadas-enviadas-desde-nacion\/","title":{"rendered":"Lucha narco: llegaron a Rosario las fuerzas armadas enviadas desde Naci\u00f3n"},"content":{"rendered":"\n<p>El&nbsp;<strong>Gobierno Nacional<\/strong>&nbsp;puso en marcha este mi\u00e9rcoles la primera etapa del env\u00edo hacia la provincia de<strong>&nbsp;Santa Fe<\/strong>&nbsp;de<strong>&nbsp;fuerzas armadas<\/strong>&nbsp;para dar lucha contra las&nbsp;<strong>bandas narco&nbsp;<\/strong>que azotan a la provincia y tienen en vilo a todo el pa\u00eds.<\/p>\n\n\n\n<p><strong>An\u00edbal Fern\u00e1ndez, el ministro de Seguridad<\/strong>,\u00a0<strong>puso en funciones en Rosario<\/strong>\u00a0a los\u00a0<strong>nuevos efectivos<\/strong>\u00a0cuya misi\u00f3n primordial ser\u00e1 la de reforzar y apoyar al\u00a0<strong>Comando Unificado de las Fuerzas Federales<\/strong>, en el marco de situaci\u00f3n de violencia que atraviesa la ciudad.<\/p>\n\n\n\n<p>Con esta medida, y luego de los anuncios del\u00a0<strong>presidente Alberto Fern\u00e1ndez<\/strong>\u00a0efectuados el martes\u00a0en cadena nacional, se llegar\u00e1 en esta etapa a<strong>\u00a01.400 efectivos<\/strong>.<\/p>\n\n\n\n<p>Del acto participaron el gobernador de la provincia de Santa Fe,&nbsp;<strong>Omar Perotti<\/strong>; el ministro de Seguridad provincial,&nbsp;<strong>Claudio Brilloni<\/strong>;y el intendente de Rosario,&nbsp;<strong>Pablo Javkin<\/strong>, e integrantes del Poder Judicial.<\/p>\n\n\n\n<p>\u00ab<strong>Nada de lo que haya por hacer es f\u00e1cil ni simple<\/strong>. Nada de lo que se viene haciendo es as\u00ed como al pasar. Es imperioso que nos metamos en cada uno de\u00a0<strong>esos lugares y lleguemos hasta el hueso<\/strong>\u00ab, destac\u00f3 el funcionario nacional. <\/p>\n\n\n\n<p>Data: Canal 26<\/p>\n","protected":false},"excerpt":{"rendered":"<p>El&nbsp;Gobierno Nacional&nbsp;puso en marcha este mi\u00e9rcoles la primera etapa del env\u00edo hacia la provincia de&nbsp;Santa Fe&nbsp;de&nbsp;fuerzas armadas&nbsp;para dar lucha contra las&nbsp;bandas narco&nbsp;que azotan a la provincia y tienen en vilo a todo el pa\u00eds. An\u00edbal Fern\u00e1ndez, el ministro de Seguridad,\u00a0puso en funciones en Rosario\u00a0a los\u00a0nuevos efectivos\u00a0cuya misi\u00f3n primordial ser\u00e1 la de reforzar y apoyar al\u00a0Comando [&hellip;]<\/p>\n","protected":false},"author":2,"featured_media":0,"comment_status":"closed","ping_status":"open","sticky":false,"template":"","format":"standard","meta":{"footnotes":""},"categories":[8],"tags":[118,42,122,395],"class_list":{"0":"post-3929","1":"post","2":"type-post","3":"status-publish","4":"format-standard","6":"category-nacionales","7":"tag-argentina","8":"tag-featured","9":"tag-policiales","10":"tag-rosario"},"_links":{"self":[{"href":"http:\/\/zoomproducciones.com.ar\/zoomp\/wp-json\/wp\/v2\/posts\/3929","targetHints":{"allow":["GET"]}}],"collection":[{"href":"http:\/\/zoomproducciones.com.ar\/zoomp\/wp-json\/wp\/v2\/posts"}],"about":[{"href":"http:\/\/zoomproducciones.com.ar\/zoomp\/wp-json\/wp\/v2\/types\/post"}],"author":[{"embeddable":true,"href":"http:\/\/zoomproducciones.com.ar\/zoomp\/wp-json\/wp\/v2\/users\/2"}],"replies":[{"embeddable":true,"href":"http:\/\/zoomproducciones.com.ar\/zoomp\/wp-json\/wp\/v2\/comments?post=3929"}],"version-history":[{"count":1,"href":"http:\/\/zoomproducciones.com.ar\/zoomp\/wp-json\/wp\/v2\/posts\/3929\/revisions"}],"predecessor-version":[{"id":3931,"href":"http:\/\/zoomproducciones.com.ar\/zoomp\/wp-json\/wp\/v2\/posts\/3929\/revisions\/3931"}],"wp:attachment":[{"href":"http:\/\/zoomproducciones.com.ar\/zoomp\/wp-json\/wp\/v2\/media?parent=3929"}],"wp:term":[{"taxonomy":"category","embeddable":true,"href":"http:\/\/zoomproducciones.com.ar\/zoomp\/wp-json\/wp\/v2\/categories?post=3929"},{"taxonomy":"post_tag","embeddable":true,"href":"http:\/\/zoomproducciones.com.ar\/zoomp\/wp-json\/wp\/v2\/tags?post=3929"}],"curies":[{"name":"wp","href":"https:\/\/api.w.org\/{rel}","templated":true}]}}