{"id":3892,"date":"2023-03-07T11:57:47","date_gmt":"2023-03-07T14:57:47","guid":{"rendered":"http:\/\/zoomproducciones.com.ar\/zoomp\/?p=3892"},"modified":"2023-03-07T18:01:32","modified_gmt":"2023-03-07T21:01:32","slug":"valdes-decreto-asueto-administrativo-y-escolar-para-empleadas-provinciales","status":"publish","type":"post","link":"http:\/\/zoomproducciones.com.ar\/zoomp\/valdes-decreto-asueto-administrativo-y-escolar-para-empleadas-provinciales\/","title":{"rendered":"Vald\u00e9s decret\u00f3 asueto administrativo y escolar para empleadas provinciales"},"content":{"rendered":"\n<p>Por el D\u00eda Internacional de la Mujer, el Gobierno Provincial decret\u00f3 asueto administrativo y escolar para las trabajadoras de la administraci\u00f3n p\u00fablica. <\/p>\n\n\n\n<p>Gustavo Vald\u00e9s, mediante el decreto N\u00famero 360, confirm\u00f3 asueto administrativo y escolar en conmemoraci\u00f3n por el D\u00eda Internacional de la Mujer.<\/p>\n\n\n\n<figure class=\"wp-block-embed is-type-rich is-provider-twitter wp-block-embed-twitter\"><div class=\"wp-block-embed__wrapper\">\n<blockquote class=\"twitter-tweet\" data-width=\"550\" data-dnt=\"true\"><p lang=\"es\" dir=\"ltr\">A trav\u00e9s del Decreto n\u00b0360\/23, el gobernador, <a href=\"https:\/\/twitter.com\/gustavovaldesok?ref_src=twsrc%5Etfw\">@gustavovaldesok<\/a>, declar\u00f3 el 8 de marzo asueto administrativo y escolar para las mujeres de la administraci\u00f3n p\u00fablica provincial -centralizada, descentralizada y entes aut\u00e1rquicos-, en conmemoraci\u00f3n del D\u00eda Internacional de la Mujer.<\/p>&mdash; Gobierno de Corrientes (@CorrientesGob) <a href=\"https:\/\/twitter.com\/CorrientesGob\/status\/1633091424534122496?ref_src=twsrc%5Etfw\">March 7, 2023<\/a><\/blockquote><script async src=\"https:\/\/platform.twitter.com\/widgets.js\" charset=\"utf-8\"><\/script>\n<\/div><\/figure>\n\n\n\n<p>Los distintos organismos estatales implementar\u00e1n las medidas necesarias para mantener la continuidad de servicios esenciales.<\/p>\n\n\n<div class=\"wp-block-image\">\n<figure class=\"aligncenter size-medium is-resized\"><a href=\"http:\/\/zoomproducciones.com.ar\/zoomp\/wp-content\/uploads\/2023\/03\/Perfil_de_ECo__Vamos_Corrientes.jpg\"><img loading=\"lazy\" decoding=\"async\" src=\"http:\/\/zoomproducciones.com.ar\/zoomp\/wp-content\/uploads\/2023\/03\/Perfil_de_ECo__Vamos_Corrientes-300x167.jpg\" alt=\"\" class=\"wp-image-3827\" width=\"394\" height=\"219\"\/><\/a><\/figure>\n<\/div>","protected":false},"excerpt":{"rendered":"<p>Por el D\u00eda Internacional de la Mujer, el Gobierno Provincial decret\u00f3 asueto administrativo y escolar para las trabajadoras de la administraci\u00f3n p\u00fablica. Gustavo Vald\u00e9s, mediante el decreto N\u00famero 360, confirm\u00f3 asueto administrativo y escolar en conmemoraci\u00f3n por el D\u00eda Internacional de la Mujer. Los distintos organismos estatales implementar\u00e1n las medidas necesarias para mantener la continuidad [&hellip;]<\/p>\n","protected":false},"author":2,"featured_media":0,"comment_status":"closed","ping_status":"open","sticky":false,"template":"","format":"standard","meta":{"footnotes":""},"categories":[3],"tags":[125,113],"class_list":{"0":"post-3892","1":"post","2":"type-post","3":"status-publish","4":"format-standard","6":"category-provinciales","7":"tag-corrientes","8":"tag-gobierno-provincial"},"_links":{"self":[{"href":"http:\/\/zoomproducciones.com.ar\/zoomp\/wp-json\/wp\/v2\/posts\/3892","targetHints":{"allow":["GET"]}}],"collection":[{"href":"http:\/\/zoomproducciones.com.ar\/zoomp\/wp-json\/wp\/v2\/posts"}],"about":[{"href":"http:\/\/zoomproducciones.com.ar\/zoomp\/wp-json\/wp\/v2\/types\/post"}],"author":[{"embeddable":true,"href":"http:\/\/zoomproducciones.com.ar\/zoomp\/wp-json\/wp\/v2\/users\/2"}],"replies":[{"embeddable":true,"href":"http:\/\/zoomproducciones.com.ar\/zoomp\/wp-json\/wp\/v2\/comments?post=3892"}],"version-history":[{"count":2,"href":"http:\/\/zoomproducciones.com.ar\/zoomp\/wp-json\/wp\/v2\/posts\/3892\/revisions"}],"predecessor-version":[{"id":3900,"href":"http:\/\/zoomproducciones.com.ar\/zoomp\/wp-json\/wp\/v2\/posts\/3892\/revisions\/3900"}],"wp:attachment":[{"href":"http:\/\/zoomproducciones.com.ar\/zoomp\/wp-json\/wp\/v2\/media?parent=3892"}],"wp:term":[{"taxonomy":"category","embeddable":true,"href":"http:\/\/zoomproducciones.com.ar\/zoomp\/wp-json\/wp\/v2\/categories?post=3892"},{"taxonomy":"post_tag","embeddable":true,"href":"http:\/\/zoomproducciones.com.ar\/zoomp\/wp-json\/wp\/v2\/tags?post=3892"}],"curies":[{"name":"wp","href":"https:\/\/api.w.org\/{rel}","templated":true}]}}