{"id":3890,"date":"2023-03-07T11:38:18","date_gmt":"2023-03-07T14:38:18","guid":{"rendered":"http:\/\/zoomproducciones.com.ar\/zoomp\/?p=3890"},"modified":"2023-03-07T18:02:00","modified_gmt":"2023-03-07T21:02:00","slug":"plus-unificado-cronograma-de-pago-ya-confirmado","status":"publish","type":"post","link":"http:\/\/zoomproducciones.com.ar\/zoomp\/plus-unificado-cronograma-de-pago-ya-confirmado\/","title":{"rendered":"Plus unificado: cronograma de pago ya confirmado"},"content":{"rendered":"\n<p>Gustavo Vald\u00e9s confirm\u00f3 el cronograma de pago del plus unificado del mes de marzo. El mismo se pagar\u00e1 con aumento para los trabajadores provinciales y jubilados. Marcelo Rivas Piasentini, ministro de Econom\u00eda, adelant\u00f3 que el plus tendr\u00e1 un incremento de $7000: a partir de este mes se abonar\u00e1 $27.650.<\/p>\n\n\n\n<h2 class=\"wp-block-heading\">Cronograma<\/h2>\n\n\n\n<p>El Plus Unificado se pagar\u00e1 mediante terminaci\u00f3n de DNI:<\/p>\n\n\n\n<p>\u2022 Jueves 9: 0 y 1 <\/p>\n\n\n\n<p>\u2022 Viernes 10: 2 y 3 <\/p>\n\n\n\n<p>\u2022 Lunes 13: 4 y 5* <\/p>\n\n\n\n<p>\u2022 Martes 14: 6 y 7 <\/p>\n\n\n\n<p>\u2022 Mi\u00e9rcoles 15: 8 y 9 <\/p>\n\n\n\n<p>* En cajeros, s\u00e1bado 11.<\/p>\n\n\n<div class=\"wp-block-image\">\n<figure class=\"aligncenter size-large is-resized\"><a href=\"http:\/\/zoomproducciones.com.ar\/zoomp\/wp-content\/uploads\/2023\/03\/Perfil_de_ECo__Vamos_Corrientes.jpg\"><img loading=\"lazy\" decoding=\"async\" src=\"http:\/\/zoomproducciones.com.ar\/zoomp\/wp-content\/uploads\/2023\/03\/Perfil_de_ECo__Vamos_Corrientes-1024x571.jpg\" alt=\"\" class=\"wp-image-3827\" width=\"400\" height=\"223\"\/><\/a><\/figure>\n<\/div>","protected":false},"excerpt":{"rendered":"<p>Gustavo Vald\u00e9s confirm\u00f3 el cronograma de pago del plus unificado del mes de marzo. El mismo se pagar\u00e1 con aumento para los trabajadores provinciales y jubilados. Marcelo Rivas Piasentini, ministro de Econom\u00eda, adelant\u00f3 que el plus tendr\u00e1 un incremento de $7000: a partir de este mes se abonar\u00e1 $27.650. Cronograma El Plus Unificado se pagar\u00e1 [&hellip;]<\/p>\n","protected":false},"author":2,"featured_media":0,"comment_status":"closed","ping_status":"open","sticky":false,"template":"","format":"standard","meta":{"footnotes":""},"categories":[3],"tags":[125,113,111],"class_list":{"0":"post-3890","1":"post","2":"type-post","3":"status-publish","4":"format-standard","6":"category-provinciales","7":"tag-corrientes","8":"tag-gobierno-provincial","9":"tag-plus"},"_links":{"self":[{"href":"http:\/\/zoomproducciones.com.ar\/zoomp\/wp-json\/wp\/v2\/posts\/3890","targetHints":{"allow":["GET"]}}],"collection":[{"href":"http:\/\/zoomproducciones.com.ar\/zoomp\/wp-json\/wp\/v2\/posts"}],"about":[{"href":"http:\/\/zoomproducciones.com.ar\/zoomp\/wp-json\/wp\/v2\/types\/post"}],"author":[{"embeddable":true,"href":"http:\/\/zoomproducciones.com.ar\/zoomp\/wp-json\/wp\/v2\/users\/2"}],"replies":[{"embeddable":true,"href":"http:\/\/zoomproducciones.com.ar\/zoomp\/wp-json\/wp\/v2\/comments?post=3890"}],"version-history":[{"count":2,"href":"http:\/\/zoomproducciones.com.ar\/zoomp\/wp-json\/wp\/v2\/posts\/3890\/revisions"}],"predecessor-version":[{"id":3901,"href":"http:\/\/zoomproducciones.com.ar\/zoomp\/wp-json\/wp\/v2\/posts\/3890\/revisions\/3901"}],"wp:attachment":[{"href":"http:\/\/zoomproducciones.com.ar\/zoomp\/wp-json\/wp\/v2\/media?parent=3890"}],"wp:term":[{"taxonomy":"category","embeddable":true,"href":"http:\/\/zoomproducciones.com.ar\/zoomp\/wp-json\/wp\/v2\/categories?post=3890"},{"taxonomy":"post_tag","embeddable":true,"href":"http:\/\/zoomproducciones.com.ar\/zoomp\/wp-json\/wp\/v2\/tags?post=3890"}],"curies":[{"name":"wp","href":"https:\/\/api.w.org\/{rel}","templated":true}]}}