{"id":3887,"date":"2023-03-07T11:29:05","date_gmt":"2023-03-07T14:29:05","guid":{"rendered":"http:\/\/zoomproducciones.com.ar\/zoomp\/?p=3887"},"modified":"2023-03-07T11:29:06","modified_gmt":"2023-03-07T14:29:06","slug":"cristina-kirchner-reaparecera-en-un-acto-en-rio-negro","status":"publish","type":"post","link":"http:\/\/zoomproducciones.com.ar\/zoomp\/cristina-kirchner-reaparecera-en-un-acto-en-rio-negro\/","title":{"rendered":"Cristina Kirchner reaparecer\u00e1 en un acto en R\u00edo Negro"},"content":{"rendered":"\n<p><strong>Cristina Fern\u00e1ndez de Kirchner<\/strong>\u00a0vuelve a presentarse en p\u00fablico con un acto que puede marcar el camino en este a\u00f1o electoral.<\/p>\n\n\n\n<p>La vicepresidenta reaparecer\u00e1\u00a0<strong>este viernes 10 de marzo<\/strong>\u00a0en una conferencia que brindar\u00e1 en la\u00a0<strong>Universidad Nacional de R\u00edo Negro<\/strong>. All\u00ed va a recibir un<strong>\u00a0doctorado honoris causa<\/strong>,. La ex mandataria dar\u00e1 su discurso a partir de las 16 horas.<\/p>\n\n\n\n<p>El evento lleva como t\u00edtulo&nbsp;<strong>\u201c\u00bfHegemon\u00eda o consenso? Ruptura del pacto democr\u00e1tico en una econom\u00eda bimonetaria: inflaci\u00f3n y FMI, crisis de deuda y fragmentaci\u00f3n pol\u00edtica\u00bb.<\/strong><\/p>\n\n\n\n<p>La ex mandataria\u00a0<strong>romper\u00e1 el silencio<\/strong>\u00a0y La C\u00e1mpora espera que revise su decisi\u00f3n de no participar en las elecciones presidenciales. <\/p>\n\n\n\n<p>El acto que organiza el&nbsp;<strong>ala kirchnerista m\u00e1s dura<\/strong>&nbsp;tendr\u00e1 formato de plenario y se realizar\u00e1 a las<strong>&nbsp;16<\/strong>&nbsp;en la sede de la&nbsp;<strong>Universidad Tecnol\u00f3gica Nacional (UTN) de Avellaneda<\/strong>, ubicada en la calle&nbsp;<strong>Ram\u00f3n Franco 5050<\/strong>.<\/p>\n","protected":false},"excerpt":{"rendered":"<p>Cristina Fern\u00e1ndez de Kirchner\u00a0vuelve a presentarse en p\u00fablico con un acto que puede marcar el camino en este a\u00f1o electoral. La vicepresidenta reaparecer\u00e1\u00a0este viernes 10 de marzo\u00a0en una conferencia que brindar\u00e1 en la\u00a0Universidad Nacional de R\u00edo Negro. All\u00ed va a recibir un\u00a0doctorado honoris causa,. La ex mandataria dar\u00e1 su discurso a partir de las 16 [&hellip;]<\/p>\n","protected":false},"author":2,"featured_media":0,"comment_status":"closed","ping_status":"open","sticky":false,"template":"","format":"standard","meta":{"footnotes":""},"categories":[8],"tags":[42,117],"class_list":{"0":"post-3887","1":"post","2":"type-post","3":"status-publish","4":"format-standard","6":"category-nacionales","7":"tag-featured","8":"tag-gobierno-nacional"},"_links":{"self":[{"href":"http:\/\/zoomproducciones.com.ar\/zoomp\/wp-json\/wp\/v2\/posts\/3887","targetHints":{"allow":["GET"]}}],"collection":[{"href":"http:\/\/zoomproducciones.com.ar\/zoomp\/wp-json\/wp\/v2\/posts"}],"about":[{"href":"http:\/\/zoomproducciones.com.ar\/zoomp\/wp-json\/wp\/v2\/types\/post"}],"author":[{"embeddable":true,"href":"http:\/\/zoomproducciones.com.ar\/zoomp\/wp-json\/wp\/v2\/users\/2"}],"replies":[{"embeddable":true,"href":"http:\/\/zoomproducciones.com.ar\/zoomp\/wp-json\/wp\/v2\/comments?post=3887"}],"version-history":[{"count":1,"href":"http:\/\/zoomproducciones.com.ar\/zoomp\/wp-json\/wp\/v2\/posts\/3887\/revisions"}],"predecessor-version":[{"id":3889,"href":"http:\/\/zoomproducciones.com.ar\/zoomp\/wp-json\/wp\/v2\/posts\/3887\/revisions\/3889"}],"wp:attachment":[{"href":"http:\/\/zoomproducciones.com.ar\/zoomp\/wp-json\/wp\/v2\/media?parent=3887"}],"wp:term":[{"taxonomy":"category","embeddable":true,"href":"http:\/\/zoomproducciones.com.ar\/zoomp\/wp-json\/wp\/v2\/categories?post=3887"},{"taxonomy":"post_tag","embeddable":true,"href":"http:\/\/zoomproducciones.com.ar\/zoomp\/wp-json\/wp\/v2\/tags?post=3887"}],"curies":[{"name":"wp","href":"https:\/\/api.w.org\/{rel}","templated":true}]}}