{"id":3884,"date":"2023-03-07T09:45:21","date_gmt":"2023-03-07T12:45:21","guid":{"rendered":"http:\/\/zoomproducciones.com.ar\/zoomp\/?p=3884"},"modified":"2023-03-07T18:02:43","modified_gmt":"2023-03-07T21:02:43","slug":"el-gobierno-anuncio-los-aumentos-para-estatales","status":"publish","type":"post","link":"http:\/\/zoomproducciones.com.ar\/zoomp\/el-gobierno-anuncio-los-aumentos-para-estatales\/","title":{"rendered":"El Gobierno anunci\u00f3 los aumentos para estatales"},"content":{"rendered":"\n<p>El Gobierno Provincial dio a conocer los aumentos salariales para el mes de marzo para trabajadores provinciales activos y jubilados. Marcelo Rivas Piasentini, Ministro de Econom\u00eda, adelant\u00f3 que se trata de una inversi\u00f3n de $5.000 millones mensuales.<\/p>\n\n\n\n<p>En conferencia de prensa, encabezada por el Ministro de Econom\u00eda, se especificaron los aumentos para estatales. <\/p>\n\n\n<div class=\"wp-block-image\">\n<figure class=\"aligncenter size-medium\"><a href=\"http:\/\/zoomproducciones.com.ar\/zoomp\/wp-content\/uploads\/2023\/03\/EcoVamos-por-Corrientes-400x400-1.jpg\"><img decoding=\"async\" src=\"http:\/\/zoomproducciones.com.ar\/zoomp\/wp-content\/uploads\/2023\/03\/EcoVamos-por-Corrientes-400x400-1-300x300.jpg\" alt=\"\" class=\"wp-image-3828\"\/><\/a><\/figure>\n<\/div>\n\n\n<h2 class=\"wp-block-heading\"><strong>TODOS LOS DETALLES<\/strong><\/h2>\n\n\n\n<p><strong>PLUS UNIFICADO:<\/strong><br>\u2022 Incremento de $7000: a partir de este mes, abonaremos $27.650.<\/p>\n\n\n\n<p><strong>PLUS REFUERZO:<\/strong><br>\u2022 Aumento de $5000: desde este mes, pagaremos $15.000.<\/p>\n\n\n\n<p><strong>AYUDA ESCOLAR ANUAL:&nbsp;<\/strong><br>\u2022 Incremento del 135%: se eleva de $8000 a $20.000. Se abonar\u00e1 junto con el sueldo de marzo.<\/p>\n\n\n\n<p><strong>ASIGNACIONES FAMILIARES POR HIJO:<\/strong><br>\u2022 Se eleva el monto de $7500 a $10.000.<\/p>\n\n\n\n<p><strong>DOCENTES:<\/strong><br>\u2022 $10.000 de incremento en el salario b\u00e1sico: $5000 nuevos y $5000 del Fondo Compensador Provincial del C\u00f3digo 171.<br>\u2022 $5000 de aumento al Fondo Compensador Provincial, siguiendo el criterio FONID.<\/p>\n\n\n\n<p><strong>ADMINISTRACI\u00d3N CENTRAL:<\/strong><br>\u2022 30% de incremento en la asignaci\u00f3n de clase de todas las categor\u00edas.<br>\u2022 $5000 de aumento al Concepto No Remunerativo, No Bonificable -C\u00f3digo 627- para la Escala \u00danica de Remuneraciones, categor\u00edas 030 y 120, incluyendo excombatientes de Malvinas.<\/p>\n\n\n\n<p><strong>VIALIDAD:<\/strong><br>\u2022 30% de aumento al b\u00e1sico.<\/p>\n\n\n\n<p><strong>SEGURIDAD:<\/strong><br>\u2022 30% de incremento en el Valor Punto.<br>\u2022 30% de aumento en el m\u00ednimo garantizado.<\/p>\n\n\n\n<p><strong>SALUD:<\/strong><br>\u2022 30% de incremento para Residentes, Becas de Fortalecimiento y de Enfermer\u00eda. La suba alcanza a beneficiarios del M\u00e1s y Mejor Trabajo.<\/p>\n\n\n\n<p>Radio Sudamericana. <\/p>\n","protected":false},"excerpt":{"rendered":"<p>El Gobierno Provincial dio a conocer los aumentos salariales para el mes de marzo para trabajadores provinciales activos y jubilados. Marcelo Rivas Piasentini, Ministro de Econom\u00eda, adelant\u00f3 que se trata de una inversi\u00f3n de $5.000 millones mensuales. En conferencia de prensa, encabezada por el Ministro de Econom\u00eda, se especificaron los aumentos para estatales. TODOS LOS [&hellip;]<\/p>\n","protected":false},"author":2,"featured_media":0,"comment_status":"closed","ping_status":"open","sticky":false,"template":"","format":"standard","meta":{"footnotes":""},"categories":[3],"tags":[112,42,113,123],"class_list":{"0":"post-3884","1":"post","2":"type-post","3":"status-publish","4":"format-standard","6":"category-provinciales","7":"tag-aumentos","8":"tag-featured","9":"tag-gobierno-provincial","10":"tag-gustavo-valdes"},"_links":{"self":[{"href":"http:\/\/zoomproducciones.com.ar\/zoomp\/wp-json\/wp\/v2\/posts\/3884","targetHints":{"allow":["GET"]}}],"collection":[{"href":"http:\/\/zoomproducciones.com.ar\/zoomp\/wp-json\/wp\/v2\/posts"}],"about":[{"href":"http:\/\/zoomproducciones.com.ar\/zoomp\/wp-json\/wp\/v2\/types\/post"}],"author":[{"embeddable":true,"href":"http:\/\/zoomproducciones.com.ar\/zoomp\/wp-json\/wp\/v2\/users\/2"}],"replies":[{"embeddable":true,"href":"http:\/\/zoomproducciones.com.ar\/zoomp\/wp-json\/wp\/v2\/comments?post=3884"}],"version-history":[{"count":2,"href":"http:\/\/zoomproducciones.com.ar\/zoomp\/wp-json\/wp\/v2\/posts\/3884\/revisions"}],"predecessor-version":[{"id":3902,"href":"http:\/\/zoomproducciones.com.ar\/zoomp\/wp-json\/wp\/v2\/posts\/3884\/revisions\/3902"}],"wp:attachment":[{"href":"http:\/\/zoomproducciones.com.ar\/zoomp\/wp-json\/wp\/v2\/media?parent=3884"}],"wp:term":[{"taxonomy":"category","embeddable":true,"href":"http:\/\/zoomproducciones.com.ar\/zoomp\/wp-json\/wp\/v2\/categories?post=3884"},{"taxonomy":"post_tag","embeddable":true,"href":"http:\/\/zoomproducciones.com.ar\/zoomp\/wp-json\/wp\/v2\/tags?post=3884"}],"curies":[{"name":"wp","href":"https:\/\/api.w.org\/{rel}","templated":true}]}}