{"id":3879,"date":"2023-03-07T08:08:00","date_gmt":"2023-03-07T11:08:00","guid":{"rendered":"http:\/\/zoomproducciones.com.ar\/zoomp\/?p=3879"},"modified":"2023-03-07T18:03:28","modified_gmt":"2023-03-07T21:03:28","slug":"libres-sin-servicio-de-colectivos-por-paro","status":"publish","type":"post","link":"http:\/\/zoomproducciones.com.ar\/zoomp\/libres-sin-servicio-de-colectivos-por-paro\/","title":{"rendered":"Libres: sin servicio de colectivos por paro"},"content":{"rendered":"\n<p>Ch\u00f3feres de la empresa TIG y Minibus confirmaron un nuevo paro de colectivos para este martes 7 de marzo. <strong>\u00abSe ha resuelto un cese de actividades por falta de pago del sueldo del mes de febrero\u00bb<\/strong> informaron los empleados mediante un comunicado.<\/p>\n\n\n\n<p>Se trata del <strong>cuarto paro de colectivos en lo que va del 2023<\/strong>. Todos fueron llevados a cabo por falta de pago de los sueldos correspondientes. <\/p>\n\n\n\n<p>Vale aclarar que el 1\u00b0 de marzo oficialmente se convoc\u00f3 a una <strong>audiencia p\u00fablica<\/strong> para resolver la cuesti\u00f3n del aumento del pasaje de colectivos. La misma tendr\u00e1 lugar en el Sal\u00f3n de Actos del Municipio -Madariaga 737-<strong> el pr\u00f3ximo martes 14 de marzo<\/strong>. Para participar de la misma se deber\u00e1 completar un formulario de inscripci\u00f3n disponible en la Mesa de Entrada y Salida del Municipio.<\/p>\n\n\n<div class=\"wp-block-image\">\n<figure class=\"aligncenter size-large is-resized\"><a href=\"http:\/\/zoomproducciones.com.ar\/zoomp\/wp-content\/uploads\/2023\/03\/Perfil_de_ECo__Vamos_Corrientes.jpg\"><img loading=\"lazy\" decoding=\"async\" src=\"http:\/\/zoomproducciones.com.ar\/zoomp\/wp-content\/uploads\/2023\/03\/Perfil_de_ECo__Vamos_Corrientes-1024x571.jpg\" alt=\"\" class=\"wp-image-3827\" width=\"332\" height=\"185\"\/><\/a><\/figure>\n<\/div>\n\n\n<p>&nbsp;Seg\u00fan lo que indica el comunicado, el objetivo de la audiencia es&nbsp;<strong>\u00bbexpresar opini\u00f3n respecto de la solicitud de aumento del boleto de transporte urbano de pasajeros\u00bb.<\/strong><\/p>\n\n\n\n<p>La empresa TIG insiste en la suba del valor del boleto en base a los \u00edndices actualizados del Coeficiente de Variaci\u00f3n Salarial, de Productor Nacionales Manufacturados (IPIM) y el costo vigente del Gas Oil.<\/p>\n","protected":false},"excerpt":{"rendered":"<p>Ch\u00f3feres de la empresa TIG y Minibus confirmaron un nuevo paro de colectivos para este martes 7 de marzo. \u00abSe ha resuelto un cese de actividades por falta de pago del sueldo del mes de febrero\u00bb informaron los empleados mediante un comunicado. Se trata del cuarto paro de colectivos en lo que va del 2023. [&hellip;]<\/p>\n","protected":false},"author":2,"featured_media":0,"comment_status":"closed","ping_status":"open","sticky":false,"template":"","format":"standard","meta":{"footnotes":""},"categories":[5],"tags":[42,326,116,124],"class_list":{"0":"post-3879","1":"post","2":"type-post","3":"status-publish","4":"format-standard","6":"category-locales","7":"tag-featured","8":"tag-paro-de-colectivos","9":"tag-paso-de-los-libres","10":"tag-tig"},"_links":{"self":[{"href":"http:\/\/zoomproducciones.com.ar\/zoomp\/wp-json\/wp\/v2\/posts\/3879","targetHints":{"allow":["GET"]}}],"collection":[{"href":"http:\/\/zoomproducciones.com.ar\/zoomp\/wp-json\/wp\/v2\/posts"}],"about":[{"href":"http:\/\/zoomproducciones.com.ar\/zoomp\/wp-json\/wp\/v2\/types\/post"}],"author":[{"embeddable":true,"href":"http:\/\/zoomproducciones.com.ar\/zoomp\/wp-json\/wp\/v2\/users\/2"}],"replies":[{"embeddable":true,"href":"http:\/\/zoomproducciones.com.ar\/zoomp\/wp-json\/wp\/v2\/comments?post=3879"}],"version-history":[{"count":3,"href":"http:\/\/zoomproducciones.com.ar\/zoomp\/wp-json\/wp\/v2\/posts\/3879\/revisions"}],"predecessor-version":[{"id":3903,"href":"http:\/\/zoomproducciones.com.ar\/zoomp\/wp-json\/wp\/v2\/posts\/3879\/revisions\/3903"}],"wp:attachment":[{"href":"http:\/\/zoomproducciones.com.ar\/zoomp\/wp-json\/wp\/v2\/media?parent=3879"}],"wp:term":[{"taxonomy":"category","embeddable":true,"href":"http:\/\/zoomproducciones.com.ar\/zoomp\/wp-json\/wp\/v2\/categories?post=3879"},{"taxonomy":"post_tag","embeddable":true,"href":"http:\/\/zoomproducciones.com.ar\/zoomp\/wp-json\/wp\/v2\/tags?post=3879"}],"curies":[{"name":"wp","href":"https:\/\/api.w.org\/{rel}","templated":true}]}}