{"id":3859,"date":"2023-03-06T11:20:29","date_gmt":"2023-03-06T14:20:29","guid":{"rendered":"http:\/\/zoomproducciones.com.ar\/zoomp\/?p=3859"},"modified":"2023-03-06T11:20:30","modified_gmt":"2023-03-06T14:20:30","slug":"rosario-en-horas-mataron-a-un-nino-de-11-anos-y-balearon-una-escuela","status":"publish","type":"post","link":"http:\/\/zoomproducciones.com.ar\/zoomp\/rosario-en-horas-mataron-a-un-nino-de-11-anos-y-balearon-una-escuela\/","title":{"rendered":"Rosario: en horas mataron a un ni\u00f1o de 11 a\u00f1os y balearon una escuela"},"content":{"rendered":"\n<p>La\u00a0<strong>provincia de Santa Fe<\/strong>\u00a0est\u00e1 sumida en una\u00a0<strong>escalada de violencia que va en aumento.<\/strong>\u00a0Los enfrentamientos entre los<strong>\u00a0grupos narcos\u00a0<\/strong>son moneda corriente y la ciudad de Rosario es permanente escenario de los<strong>\u00a0choques armados<\/strong>\u00a0que a menudo se cobran v\u00edctimas entre la gente com\u00fan.<\/p>\n\n\n\n<h2 class=\"wp-block-heading\">Un ni\u00f1o falleci\u00f3 por una balacera<\/h2>\n\n\n\n<p><strong>Un nene de 11 a\u00f1os fue asesinado<\/strong>\u00a0en la madrugada de este domingo por, al menos,\u00a0<strong>un disparo en la espalda<\/strong>. Otros\u00a0<strong>tres menores resultaron heridos.<\/strong><\/p>\n\n\n\n<p>Todo ocurri\u00f3 luego de ser atacados por&nbsp;<strong>un hombre que le dispar\u00f3&nbsp;a un grupo de personas<\/strong>&nbsp;que, entre ellos, estaban los menores, en un barrio al noroeste de la ciudad santafesina de Rosario, informaron fuentes judiciales.<\/p>\n\n\n\n<p>El ataque ocurri\u00f3 cerca de las 2.30 de esta madrugada del domingo frente a una casa ubicada en pasaje Mar\u00eda de los \u00c1ngeles al 1500, en la zona de Cabal y San Jos\u00e9, del barrio Empalme Graneros, en el noroeste de Rosario.<\/p>\n\n\n\n<p>Seg\u00fan indicaron las fuentes, el sujeto que\u00a0<strong>a\u00fan no fue identificado<\/strong>, fue hasta el lugar y le empez\u00f3 a disparar a la vivienda, donde en la vereda\u00a0estaban los adultos y los ni\u00f1os.<\/p>\n\n\n\n<h2 class=\"wp-block-heading\">Balearon el frente de una escuela<\/h2>\n\n\n\n<p><strong>Este domingo, casi madrugada del lunes, el blanco de los ataques ha sido una escuela<\/strong>. El<strong>\u00a0frente de un establecimiento educativo<\/strong>\u00a0de la zona\u00a0<strong>sur<\/strong>\u00a0de la ciudad fue\u00a0<strong>baleado<\/strong>\u00a0por delincuentes que, adem\u00e1s, dejaron una nota de la que no trascendi\u00f3 el contenido y, afortunadamente, no se registraron heridos.<\/p>\n\n\n\n<p>Seg\u00fan inform\u00f3 La Capital, un reconocido medio period\u00edstico local, el\u00a0hecho tuvo lugar en\u00a0<strong>horas de la noche del domingo<\/strong>\u00a0en la\u00a0<strong>escuela N\u00ba6.430 \u00abIsabel La Cat\u00f3lica\u00bb<\/strong>. Los vecinos se\u00f1alaron que se escucharon m\u00e1s de una decena de tiros.<\/p>\n\n\n\n<p>Una&nbsp;<strong>portera de esa instituci\u00f3n educativa<\/strong>&nbsp;se encuentra con&nbsp;<strong>prisi\u00f3n domiciliaria<\/strong>, -con la que fue beneficiada por padecer diabetes-, luego de que en enero pasado fue<strong>&nbsp;detenida con droga.<\/strong><\/p>\n\n\n\n<p>Se trata de\u00a0<strong>Silvia Moreyra<\/strong>, de<strong>\u00a059 a\u00f1os<\/strong>, quien fue apresada cuando estaba en un\u00a0<strong>Volkswagen Bora<\/strong>\u00a0en el estacionamiento del Hipermercado Libertad con dos kilos de coca\u00edna y una m\u00e1quina para contar billetes.<\/p>\n\n\n\n<p>Canal 26.<\/p>\n","protected":false},"excerpt":{"rendered":"<p>La\u00a0provincia de Santa Fe\u00a0est\u00e1 sumida en una\u00a0escalada de violencia que va en aumento.\u00a0Los enfrentamientos entre los\u00a0grupos narcos\u00a0son moneda corriente y la ciudad de Rosario es permanente escenario de los\u00a0choques armados\u00a0que a menudo se cobran v\u00edctimas entre la gente com\u00fan. Un ni\u00f1o falleci\u00f3 por una balacera Un nene de 11 a\u00f1os fue asesinado\u00a0en la madrugada de [&hellip;]<\/p>\n","protected":false},"author":2,"featured_media":0,"comment_status":"closed","ping_status":"open","sticky":false,"template":"","format":"standard","meta":{"footnotes":""},"categories":[8],"tags":[118,122,395],"class_list":{"0":"post-3859","1":"post","2":"type-post","3":"status-publish","4":"format-standard","6":"category-nacionales","7":"tag-argentina","8":"tag-policiales","9":"tag-rosario"},"_links":{"self":[{"href":"http:\/\/zoomproducciones.com.ar\/zoomp\/wp-json\/wp\/v2\/posts\/3859","targetHints":{"allow":["GET"]}}],"collection":[{"href":"http:\/\/zoomproducciones.com.ar\/zoomp\/wp-json\/wp\/v2\/posts"}],"about":[{"href":"http:\/\/zoomproducciones.com.ar\/zoomp\/wp-json\/wp\/v2\/types\/post"}],"author":[{"embeddable":true,"href":"http:\/\/zoomproducciones.com.ar\/zoomp\/wp-json\/wp\/v2\/users\/2"}],"replies":[{"embeddable":true,"href":"http:\/\/zoomproducciones.com.ar\/zoomp\/wp-json\/wp\/v2\/comments?post=3859"}],"version-history":[{"count":1,"href":"http:\/\/zoomproducciones.com.ar\/zoomp\/wp-json\/wp\/v2\/posts\/3859\/revisions"}],"predecessor-version":[{"id":3861,"href":"http:\/\/zoomproducciones.com.ar\/zoomp\/wp-json\/wp\/v2\/posts\/3859\/revisions\/3861"}],"wp:attachment":[{"href":"http:\/\/zoomproducciones.com.ar\/zoomp\/wp-json\/wp\/v2\/media?parent=3859"}],"wp:term":[{"taxonomy":"category","embeddable":true,"href":"http:\/\/zoomproducciones.com.ar\/zoomp\/wp-json\/wp\/v2\/categories?post=3859"},{"taxonomy":"post_tag","embeddable":true,"href":"http:\/\/zoomproducciones.com.ar\/zoomp\/wp-json\/wp\/v2\/tags?post=3859"}],"curies":[{"name":"wp","href":"https:\/\/api.w.org\/{rel}","templated":true}]}}