{"id":3854,"date":"2023-03-06T10:58:53","date_gmt":"2023-03-06T13:58:53","guid":{"rendered":"http:\/\/zoomproducciones.com.ar\/zoomp\/?p=3854"},"modified":"2023-03-06T17:37:05","modified_gmt":"2023-03-06T20:37:05","slug":"insaurralde-cristina-es-la-persona-capacitada-para-gobernar-la-argentina","status":"publish","type":"post","link":"http:\/\/zoomproducciones.com.ar\/zoomp\/insaurralde-cristina-es-la-persona-capacitada-para-gobernar-la-argentina\/","title":{"rendered":"Insaurralde: \u00bbCristina es la persona capacitada para gobernar la Argentina\u00bb"},"content":{"rendered":"\n<p>Mart\u00edn Insaurralde, jefe de Gabinete de la provincia de Buenos Aires, expres\u00f3 su postura acerca de las elecciones 2023. Para el funcionario, Cristina \u00abes&nbsp;<strong>la persona m\u00e1s capacitada<\/strong>&nbsp;para gobernar la Argentina y<strong>&nbsp;construir un futuro mejor<\/strong>\u00ab. Sus dichos fueron publicados por \u00e9l mismo v\u00eda Twitter este domingo 5 de marzo.<\/p>\n\n\n\n<p>El a\u00f1o electoral va tomando temperatura y las expectativas sobre candidatos empiezan a cobrar forma de parte de funcionarios. El jefe de Gabinete de la provincia de Buenos Aires, <strong>Mart\u00edn Insaurralde<\/strong>, expres\u00f3 que el sector que acompa\u00f1a a la vicepresidenta tiene la intenci\u00f3n de que <strong>Cristina Fern\u00e1ndez compita por un nuevo mandato.<\/strong> <\/p>\n\n\n\n<figure class=\"wp-block-image size-full\"><a href=\"http:\/\/zoomproducciones.com.ar\/zoomp\/wp-content\/uploads\/2023\/03\/image-6.png\"><img decoding=\"async\" src=\"http:\/\/zoomproducciones.com.ar\/zoomp\/wp-content\/uploads\/2023\/03\/image-6.png\" alt=\"\" class=\"wp-image-3856\"\/><\/a><\/figure>\n\n\n\n<p>Para\u00a0<strong>Insaurralde, Cristina Kirchner\u00a0<\/strong>\u00abes\u00a0<strong>la persona m\u00e1s capacitada<\/strong>\u00a0para gobernar la Argentina y<strong>\u00a0construir un futuro mejor<\/strong>\u00ab. Sus expresiones llegan en medio de los dichos del presidente<strong>\u00a0Alberto Fern\u00e1ndez<\/strong>, qui\u00e9n\u00a0tiene intenciones de competir por un segundo mandato a trav\u00e9s de una\u00a0<strong>PASO<\/strong>.<\/p>\n\n\n<div class=\"wp-block-image\">\n<figure class=\"aligncenter size-thumbnail is-resized\"><a href=\"http:\/\/zoomproducciones.com.ar\/zoomp\/wp-content\/uploads\/2023\/03\/EcoVamos-por-Corrientes-400x400-1.jpg\"><img decoding=\"async\" src=\"http:\/\/zoomproducciones.com.ar\/zoomp\/wp-content\/uploads\/2023\/03\/EcoVamos-por-Corrientes-400x400-1-150x150.jpg\" alt=\"\" class=\"wp-image-3828\" width=\"-21\" height=\"-21\"\/><\/a><\/figure>\n<\/div>\n\n\n<p><strong>\u201cS\u00ed, me veo en las PASO. Todo es raro hasta que ocurre alguna vez\u201d<\/strong>, plante\u00f3 el mandatario en los \u00faltimos d\u00edas.<\/p>\n\n\n\n<p><strong>Fern\u00e1ndez de Kirchner\u00a0<\/strong>expres\u00f3 p\u00fablicamente que no ser\u00eda candidata en este 2023. A pesar de sus afirmaciones,\u00a0<strong>desde el kirchnerismo insisten para que revea su postura<\/strong>. Incluso fue tema de debate en la jornada que nucle\u00f3 a los referentes de las fuerzas de la coalici\u00f3n en lo que se denomin\u00f3 como\u00a0<strong>\u00abla mesa del Frente de Todos\u00bb<\/strong>.<\/p>\n\n\n<div class=\"wp-block-image\">\n<figure class=\"aligncenter size-full is-resized\"><a href=\"http:\/\/zoomproducciones.com.ar\/zoomp\/wp-content\/uploads\/2023\/02\/PUNTOMOVIL.gif\"><img loading=\"lazy\" decoding=\"async\" src=\"http:\/\/zoomproducciones.com.ar\/zoomp\/wp-content\/uploads\/2023\/02\/PUNTOMOVIL.gif\" alt=\"\" class=\"wp-image-3302\" width=\"416\" height=\"86\"\/><\/a><\/figure>\n<\/div>","protected":false},"excerpt":{"rendered":"<p>Mart\u00edn Insaurralde, jefe de Gabinete de la provincia de Buenos Aires, expres\u00f3 su postura acerca de las elecciones 2023. Para el funcionario, Cristina \u00abes&nbsp;la persona m\u00e1s capacitada&nbsp;para gobernar la Argentina y&nbsp;construir un futuro mejor\u00ab. Sus dichos fueron publicados por \u00e9l mismo v\u00eda Twitter este domingo 5 de marzo. El a\u00f1o electoral va tomando temperatura y [&hellip;]<\/p>\n","protected":false},"author":2,"featured_media":0,"comment_status":"closed","ping_status":"open","sticky":false,"template":"","format":"standard","meta":{"footnotes":""},"categories":[8],"tags":[118,175,117],"class_list":{"0":"post-3854","1":"post","2":"type-post","3":"status-publish","4":"format-standard","6":"category-nacionales","7":"tag-argentina","8":"tag-elecciones-2023","9":"tag-gobierno-nacional"},"_links":{"self":[{"href":"http:\/\/zoomproducciones.com.ar\/zoomp\/wp-json\/wp\/v2\/posts\/3854","targetHints":{"allow":["GET"]}}],"collection":[{"href":"http:\/\/zoomproducciones.com.ar\/zoomp\/wp-json\/wp\/v2\/posts"}],"about":[{"href":"http:\/\/zoomproducciones.com.ar\/zoomp\/wp-json\/wp\/v2\/types\/post"}],"author":[{"embeddable":true,"href":"http:\/\/zoomproducciones.com.ar\/zoomp\/wp-json\/wp\/v2\/users\/2"}],"replies":[{"embeddable":true,"href":"http:\/\/zoomproducciones.com.ar\/zoomp\/wp-json\/wp\/v2\/comments?post=3854"}],"version-history":[{"count":3,"href":"http:\/\/zoomproducciones.com.ar\/zoomp\/wp-json\/wp\/v2\/posts\/3854\/revisions"}],"predecessor-version":[{"id":3868,"href":"http:\/\/zoomproducciones.com.ar\/zoomp\/wp-json\/wp\/v2\/posts\/3854\/revisions\/3868"}],"wp:attachment":[{"href":"http:\/\/zoomproducciones.com.ar\/zoomp\/wp-json\/wp\/v2\/media?parent=3854"}],"wp:term":[{"taxonomy":"category","embeddable":true,"href":"http:\/\/zoomproducciones.com.ar\/zoomp\/wp-json\/wp\/v2\/categories?post=3854"},{"taxonomy":"post_tag","embeddable":true,"href":"http:\/\/zoomproducciones.com.ar\/zoomp\/wp-json\/wp\/v2\/tags?post=3854"}],"curies":[{"name":"wp","href":"https:\/\/api.w.org\/{rel}","templated":true}]}}