{"id":3812,"date":"2023-03-03T10:11:37","date_gmt":"2023-03-03T13:11:37","guid":{"rendered":"http:\/\/zoomproducciones.com.ar\/zoomp\/?p=3812"},"modified":"2023-03-03T19:39:11","modified_gmt":"2023-03-03T22:39:11","slug":"madariaga-viaja-a-virasoro-en-busca-de-su-segunda-victoria-en-el-provincial","status":"publish","type":"post","link":"http:\/\/zoomproducciones.com.ar\/zoomp\/madariaga-viaja-a-virasoro-en-busca-de-su-segunda-victoria-en-el-provincial\/","title":{"rendered":"Madariaga viaja a Virasoro en busca de su segunda victoria en el Provincial"},"content":{"rendered":"\n<p>Luego de su exitosa presentaci\u00f3n de local, el 19 de febrero pasado, donde obtuvo un triunfo 2 a 1 frente a Victoria (La Cruz), el Club Social y Deportivo Madariaga intentar\u00e1 repetir actuaci\u00f3n contra Ni\u00f1o Por\u00e1, en Virasoro.&nbsp;<\/p>\n\n\n\n<p>\u00abEl Viole\u00bb ir\u00e1 este domingo a la localidad correntina para cumplir de visitante su compromiso de la tercera fecha del Torneo Provincial de Clubes 2023. El partido se llevar\u00e1 a cabo en el Estadio Vuelta del Omb\u00fa a partir de las 18.30 horas.&nbsp;<\/p>\n\n\n\n<p>Madariaga, integra la Zona C junto a su \u00faltimo rival y al contrincante del domingo, y viene de quedar libre en la segunda jornada. Un triunfo o empate pasado ma\u00f1ana lo dejar\u00eda como \u00fanico puntero del grupo.<\/p>\n\n\n<div class=\"wp-block-image\">\n<figure class=\"aligncenter size-full is-resized\"><a href=\"http:\/\/zoomproducciones.com.ar\/zoomp\/wp-content\/uploads\/2023\/02\/PUNTOMOVIL.gif\"><img loading=\"lazy\" decoding=\"async\" src=\"http:\/\/zoomproducciones.com.ar\/zoomp\/wp-content\/uploads\/2023\/02\/PUNTOMOVIL.gif\" alt=\"\" class=\"wp-image-3302\" width=\"463\" height=\"95\"\/><\/a><\/figure>\n<\/div>\n\n<div class=\"wp-block-image\">\n<figure class=\"aligncenter size-large is-resized\"><a href=\"http:\/\/zoomproducciones.com.ar\/zoomp\/wp-content\/uploads\/2023\/03\/Perfil_de_ECo__Vamos_Corrientes.jpg\"><img loading=\"lazy\" decoding=\"async\" src=\"http:\/\/zoomproducciones.com.ar\/zoomp\/wp-content\/uploads\/2023\/03\/Perfil_de_ECo__Vamos_Corrientes-1024x571.jpg\" alt=\"\" class=\"wp-image-3827\" width=\"279\" height=\"155\"\/><\/a><\/figure>\n<\/div>","protected":false},"excerpt":{"rendered":"<p>Luego de su exitosa presentaci\u00f3n de local, el 19 de febrero pasado, donde obtuvo un triunfo 2 a 1 frente a Victoria (La Cruz), el Club Social y Deportivo Madariaga intentar\u00e1 repetir actuaci\u00f3n contra Ni\u00f1o Por\u00e1, en Virasoro.&nbsp; \u00abEl Viole\u00bb ir\u00e1 este domingo a la localidad correntina para cumplir de visitante su compromiso de la [&hellip;]<\/p>\n","protected":false},"author":2,"featured_media":0,"comment_status":"closed","ping_status":"open","sticky":false,"template":"","format":"standard","meta":{"footnotes":""},"categories":[401],"tags":[42],"class_list":{"0":"post-3812","1":"post","2":"type-post","3":"status-publish","4":"format-standard","6":"category-futbol-torneo-provincial","7":"tag-featured"},"_links":{"self":[{"href":"http:\/\/zoomproducciones.com.ar\/zoomp\/wp-json\/wp\/v2\/posts\/3812","targetHints":{"allow":["GET"]}}],"collection":[{"href":"http:\/\/zoomproducciones.com.ar\/zoomp\/wp-json\/wp\/v2\/posts"}],"about":[{"href":"http:\/\/zoomproducciones.com.ar\/zoomp\/wp-json\/wp\/v2\/types\/post"}],"author":[{"embeddable":true,"href":"http:\/\/zoomproducciones.com.ar\/zoomp\/wp-json\/wp\/v2\/users\/2"}],"replies":[{"embeddable":true,"href":"http:\/\/zoomproducciones.com.ar\/zoomp\/wp-json\/wp\/v2\/comments?post=3812"}],"version-history":[{"count":4,"href":"http:\/\/zoomproducciones.com.ar\/zoomp\/wp-json\/wp\/v2\/posts\/3812\/revisions"}],"predecessor-version":[{"id":3830,"href":"http:\/\/zoomproducciones.com.ar\/zoomp\/wp-json\/wp\/v2\/posts\/3812\/revisions\/3830"}],"wp:attachment":[{"href":"http:\/\/zoomproducciones.com.ar\/zoomp\/wp-json\/wp\/v2\/media?parent=3812"}],"wp:term":[{"taxonomy":"category","embeddable":true,"href":"http:\/\/zoomproducciones.com.ar\/zoomp\/wp-json\/wp\/v2\/categories?post=3812"},{"taxonomy":"post_tag","embeddable":true,"href":"http:\/\/zoomproducciones.com.ar\/zoomp\/wp-json\/wp\/v2\/tags?post=3812"}],"curies":[{"name":"wp","href":"https:\/\/api.w.org\/{rel}","templated":true}]}}