{"id":3788,"date":"2023-03-02T10:57:29","date_gmt":"2023-03-02T13:57:29","guid":{"rendered":"http:\/\/zoomproducciones.com.ar\/zoomp\/?p=3788"},"modified":"2023-03-02T10:57:29","modified_gmt":"2023-03-02T13:57:29","slug":"valdes-confirmo-el-aumento-del-102-al-salario-basico-docente","status":"publish","type":"post","link":"http:\/\/zoomproducciones.com.ar\/zoomp\/valdes-confirmo-el-aumento-del-102-al-salario-basico-docente\/","title":{"rendered":"Vald\u00e9s confirm\u00f3 el aumento del 102% al salario b\u00e1sico docente"},"content":{"rendered":"\n<p>Se sumar\u00e1 $5mil al plus unificado y alplus de refuerzo.<\/p>\n\n\n\n<p>El gobernador Gustavo Vald\u00e9s confirm\u00f3 que aumentar\u00e1 un 102% el salario b\u00e1sico docente y agradeci\u00f3 a los sindicatos por un nuevo inicio de clases sin paros. Lo hizo en  su discuros ante la Asamblea Legislativa. \u00abEl aumento se pagar\u00e1 en tres etapas: marzo, julio y octubre&#8217;, detall\u00f3.\u00a0<\/p>\n\n\n\n<p>Tal como se hab\u00eda previsto, el gobernador confirm\u00f3 el aumento del b\u00e1sico docente. <\/p>\n\n\n\n<p>El mismo se pagar\u00e1 de forma escalonada: el b\u00e1sico docente pasar\u00e1 de\u00a0<strong>$29.036 a $58.536; y se pagar\u00e1, en marzo, un 34,44% m\u00e1s; en julio, un 25,61%; y, en octubre, 20,39%; para totalizar el 101,59%.<\/strong><\/p>\n\n\n\n<figure class=\"wp-block-embed is-type-rich is-provider-twitter wp-block-embed-twitter\"><div class=\"wp-block-embed__wrapper\">\n<blockquote class=\"twitter-tweet\" data-width=\"550\" data-dnt=\"true\"><p lang=\"es\" dir=\"ltr\">Por otro lado, anunciamos un aumento del Salario B\u00e1sico Docente del 102% acumulado para este a\u00f1o, en tres tramos -marzo, julio y octubre-.<br><br>El incremento jerarquiza la carrera docente y es extensivo al sector de jubilados y pensionados. <a href=\"https:\/\/t.co\/Dfty1v97Bn\">pic.twitter.com\/Dfty1v97Bn<\/a><\/p>&mdash; Gustavo Vald\u00e9s (@gustavovaldesok) <a href=\"https:\/\/twitter.com\/gustavovaldesok\/status\/1630936297987616771?ref_src=twsrc%5Etfw\">March 1, 2023<\/a><\/blockquote><script async src=\"https:\/\/platform.twitter.com\/widgets.js\" charset=\"utf-8\"><\/script>\n<\/div><\/figure>\n\n\n\n<p>El&nbsp;<strong>salario inicial docente<\/strong>, para quienes no tienen antig\u00fcedad, ser\u00e1 de&nbsp;<strong>130.000 pesos<\/strong>. Eso est\u00e1 garantizado por la paritaria nacional.<\/p>\n\n\n\n<p>Se agregar\u00edan&nbsp;<strong>$5000 al plus unificado&nbsp;<\/strong>(que hoy es de $20.650) y otros&nbsp;<strong>$5000 al plus de refuerzo<\/strong>&nbsp;(que hoy es de $10.000).<\/p>\n\n\n\n<p>El aumento salarial para el resto de la administraci\u00f3n provincial rondar\u00eda un 25 por ciento, adem\u00e1s de los 10.000 pesos que se agregar\u00edan al plus, que totalizar\u00edan $40.000.<\/p>\n\n\n\n<p>Datos de El Litoral<\/p>\n","protected":false},"excerpt":{"rendered":"<p>Se sumar\u00e1 $5mil al plus unificado y alplus de refuerzo. El gobernador Gustavo Vald\u00e9s confirm\u00f3 que aumentar\u00e1 un 102% el salario b\u00e1sico docente y agradeci\u00f3 a los sindicatos por un nuevo inicio de clases sin paros. Lo hizo en su discuros ante la Asamblea Legislativa. \u00abEl aumento se pagar\u00e1 en tres etapas: marzo, julio y [&hellip;]<\/p>\n","protected":false},"author":2,"featured_media":0,"comment_status":"closed","ping_status":"open","sticky":false,"template":"","format":"standard","meta":{"footnotes":""},"categories":[3],"tags":[397,42,113,123],"class_list":{"0":"post-3788","1":"post","2":"type-post","3":"status-publish","4":"format-standard","6":"category-provinciales","7":"tag-docentes","8":"tag-featured","9":"tag-gobierno-provincial","10":"tag-gustavo-valdes"},"_links":{"self":[{"href":"http:\/\/zoomproducciones.com.ar\/zoomp\/wp-json\/wp\/v2\/posts\/3788","targetHints":{"allow":["GET"]}}],"collection":[{"href":"http:\/\/zoomproducciones.com.ar\/zoomp\/wp-json\/wp\/v2\/posts"}],"about":[{"href":"http:\/\/zoomproducciones.com.ar\/zoomp\/wp-json\/wp\/v2\/types\/post"}],"author":[{"embeddable":true,"href":"http:\/\/zoomproducciones.com.ar\/zoomp\/wp-json\/wp\/v2\/users\/2"}],"replies":[{"embeddable":true,"href":"http:\/\/zoomproducciones.com.ar\/zoomp\/wp-json\/wp\/v2\/comments?post=3788"}],"version-history":[{"count":1,"href":"http:\/\/zoomproducciones.com.ar\/zoomp\/wp-json\/wp\/v2\/posts\/3788\/revisions"}],"predecessor-version":[{"id":3789,"href":"http:\/\/zoomproducciones.com.ar\/zoomp\/wp-json\/wp\/v2\/posts\/3788\/revisions\/3789"}],"wp:attachment":[{"href":"http:\/\/zoomproducciones.com.ar\/zoomp\/wp-json\/wp\/v2\/media?parent=3788"}],"wp:term":[{"taxonomy":"category","embeddable":true,"href":"http:\/\/zoomproducciones.com.ar\/zoomp\/wp-json\/wp\/v2\/categories?post=3788"},{"taxonomy":"post_tag","embeddable":true,"href":"http:\/\/zoomproducciones.com.ar\/zoomp\/wp-json\/wp\/v2\/tags?post=3788"}],"curies":[{"name":"wp","href":"https:\/\/api.w.org\/{rel}","templated":true}]}}