{"id":3776,"date":"2023-03-02T10:06:16","date_gmt":"2023-03-02T13:06:16","guid":{"rendered":"http:\/\/zoomproducciones.com.ar\/zoomp\/?p=3776"},"modified":"2023-03-02T10:06:16","modified_gmt":"2023-03-02T13:06:16","slug":"argentina-notifico-a-gran-bretana-el-fin-del-pacto-firmado-por-mauricio-macri","status":"publish","type":"post","link":"http:\/\/zoomproducciones.com.ar\/zoomp\/argentina-notifico-a-gran-bretana-el-fin-del-pacto-firmado-por-mauricio-macri\/","title":{"rendered":"Argentina notific\u00f3 a Gran Breta\u00f1a el fin del pacto firmado por Mauricio Macri"},"content":{"rendered":"\n<p>Durante una reuni\u00f3n de cancilleres de los pa\u00edses que integran el G-20, Cafiero comunic\u00f3 que el gobierno argentino cancel\u00f3 el acuerdo suscrito en 2016, que entregaba concesiones a los intereses del Reino Unido respecto de la\u00a0explotaci\u00f3n de los recursos naturales en las islas Malvinas. <\/p>\n\n\n\n<p>El canciller Santiago Cafiero le notific\u00f3 a su par brit\u00e1nico, James Cleverly, el <strong>fin del pacto Foradori-Duncan<\/strong>, un documento que <strong>entregaba concesiones a los intereses del Reino Unido<\/strong> respecto de la explotaci\u00f3n de los recursos naturales en las islas Malvinas, <strong>cuya soberan\u00eda es reclamada por la Argentina<\/strong>, informaron fuentes del Palacio San Mart\u00edn. <\/p>\n\n\n\n<p>Cafiero, adem\u00e1s, propuso que ambos pa\u00edses mantengan una reuni\u00f3n en la sede de la ONU, en Nueva York, para <strong>\u00abreiniciar la discusi\u00f3n por la soberan\u00eda\u00bb<\/strong> de las islas del Atl\u00e1ntico Sur que el Reino Unido usurpa desde 1833. <\/p>\n\n\n\n<figure class=\"wp-block-embed is-type-rich is-provider-twitter wp-block-embed-twitter\"><div class=\"wp-block-embed__wrapper\">\n<blockquote class=\"twitter-tweet\" data-width=\"550\" data-dnt=\"true\"><p lang=\"es\" dir=\"ltr\">Cuesti\u00f3n Malvinas: Argentina notific\u00f3 la decisi\u00f3n de poner fin al \u201cPacto Foradori-Duncan\u201d de 2016.<br><br>Lo hice en reuni\u00f3n con el Secretario de Estado para las Relaciones Exteriores del Reino Unido, James Cleverly, en la Cumbre de cancilleres del <a href=\"https:\/\/twitter.com\/g20org?ref_src=twsrc%5Etfw\">@g20org<\/a> en Nueva Delhi, India. <a href=\"https:\/\/t.co\/ZQnwKgKUtI\">pic.twitter.com\/ZQnwKgKUtI<\/a><\/p>&mdash; Santiago Cafiero (@SantiagoCafiero) <a href=\"https:\/\/twitter.com\/SantiagoCafiero\/status\/1631232900548132866?ref_src=twsrc%5Etfw\">March 2, 2023<\/a><\/blockquote><script async src=\"https:\/\/platform.twitter.com\/widgets.js\" charset=\"utf-8\"><\/script>\n<\/div><\/figure>\n","protected":false},"excerpt":{"rendered":"<p>Durante una reuni\u00f3n de cancilleres de los pa\u00edses que integran el G-20, Cafiero comunic\u00f3 que el gobierno argentino cancel\u00f3 el acuerdo suscrito en 2016, que entregaba concesiones a los intereses del Reino Unido respecto de la\u00a0explotaci\u00f3n de los recursos naturales en las islas Malvinas. El canciller Santiago Cafiero le notific\u00f3 a su par brit\u00e1nico, James [&hellip;]<\/p>\n","protected":false},"author":2,"featured_media":0,"comment_status":"closed","ping_status":"open","sticky":false,"template":"","format":"standard","meta":{"footnotes":""},"categories":[8],"tags":[118,42,117,396,153],"class_list":{"0":"post-3776","1":"post","2":"type-post","3":"status-publish","4":"format-standard","6":"category-nacionales","7":"tag-argentina","8":"tag-featured","9":"tag-gobierno-nacional","10":"tag-islas-malvinas","11":"tag-mauricio-macri"},"_links":{"self":[{"href":"http:\/\/zoomproducciones.com.ar\/zoomp\/wp-json\/wp\/v2\/posts\/3776","targetHints":{"allow":["GET"]}}],"collection":[{"href":"http:\/\/zoomproducciones.com.ar\/zoomp\/wp-json\/wp\/v2\/posts"}],"about":[{"href":"http:\/\/zoomproducciones.com.ar\/zoomp\/wp-json\/wp\/v2\/types\/post"}],"author":[{"embeddable":true,"href":"http:\/\/zoomproducciones.com.ar\/zoomp\/wp-json\/wp\/v2\/users\/2"}],"replies":[{"embeddable":true,"href":"http:\/\/zoomproducciones.com.ar\/zoomp\/wp-json\/wp\/v2\/comments?post=3776"}],"version-history":[{"count":1,"href":"http:\/\/zoomproducciones.com.ar\/zoomp\/wp-json\/wp\/v2\/posts\/3776\/revisions"}],"predecessor-version":[{"id":3778,"href":"http:\/\/zoomproducciones.com.ar\/zoomp\/wp-json\/wp\/v2\/posts\/3776\/revisions\/3778"}],"wp:attachment":[{"href":"http:\/\/zoomproducciones.com.ar\/zoomp\/wp-json\/wp\/v2\/media?parent=3776"}],"wp:term":[{"taxonomy":"category","embeddable":true,"href":"http:\/\/zoomproducciones.com.ar\/zoomp\/wp-json\/wp\/v2\/categories?post=3776"},{"taxonomy":"post_tag","embeddable":true,"href":"http:\/\/zoomproducciones.com.ar\/zoomp\/wp-json\/wp\/v2\/tags?post=3776"}],"curies":[{"name":"wp","href":"https:\/\/api.w.org\/{rel}","templated":true}]}}