{"id":3768,"date":"2023-03-02T09:25:37","date_gmt":"2023-03-02T12:25:37","guid":{"rendered":"http:\/\/zoomproducciones.com.ar\/zoomp\/?p=3768"},"modified":"2023-03-02T09:25:38","modified_gmt":"2023-03-02T12:25:38","slug":"apagon-masivo-comenzo-a-restablecerse-la-energia-en-el-pais","status":"publish","type":"post","link":"http:\/\/zoomproducciones.com.ar\/zoomp\/apagon-masivo-comenzo-a-restablecerse-la-energia-en-el-pais\/","title":{"rendered":"Apag\u00f3n masivo: comenz\u00f3 a restablecerse la energ\u00eda en el pa\u00eds"},"content":{"rendered":"\n<p>Este mi\u00e9rcoles fue interrumpido por un gran apag\u00f3n que\u00a0<strong>afect\u00f3 a gran parte del pa\u00eds<\/strong>\u00a0y gener\u00f3<strong>\u00a0serias complicaciones.<\/strong>\u00a0Los\u00a0<strong>cortes de luz<\/strong>, provocados luego de que<strong>\u00a0el sistema el\u00e9ctrico colpsara<\/strong>\u00a0como consecuencia de incendios, afectaron a unos\u00a0<strong>6 millones de hogares<\/strong>, lo que equivale a unas\u00a0<strong>20 millones de personas.<\/strong><\/p>\n\n\n\n<p>Tras el caos generalizado y la desesperaci\u00f3n de la gente, finalmente -y desde el mi\u00e9rcoles a \u00faltimas horas de la noche-&nbsp;<strong>el servicio el\u00e9ctrico comenz\u00f3 a restablecerse<\/strong>. Fueron&nbsp;<strong>tres horas<\/strong>&nbsp;de corte, que afectaron a la<strong>&nbsp;Ciudad de Buenos Aires, el conurbano y otras diez provincias<\/strong>, debido a una falla general en el sistema interconectado.<\/p>\n\n\n\n<p>Este nuevo corte del suministro provoc\u00f3 que el&nbsp;<strong>40 por ciento de la demanda el\u00e9ctrica total del pa\u00eds quedara sin luz<\/strong>.<\/p>\n\n\n\n<p>En la Ciudad de Buenos Aires&nbsp;<strong>volvi\u00f3 la energ\u00eda en diferentes barrios<\/strong>&nbsp;como Chacarita, Villa Urquiza, Colegiales, Villa Lugano, Parque Patricios, Mataderos, Palermo y Caballito, entre otros. Algo similar ocurri\u00f3 en diferentes zonas del conurbano: Vicente L\u00f3pez, Tigre, Mor\u00f3n, Olivos, San Justo, Bernal, Quilmes, Don Bosco, Avellaneda, Gerli, Merlo, San Antonio de Padua, Ituzaing\u00f3 y el Gran La Plata.<\/p>\n\n\n\n<p>Tambi\u00e9n&nbsp;<strong>se fue restableciendo el servicio en otras provincias afectas<\/strong>, tales los casos de Mendoza, C\u00f3rdoba, Jujuy, Salta, San Luis, Tucum\u00e1n, La Pampa, La Rioja, Santa Cruz y Santiago del Estero.<\/p>\n\n\n\n<p>Por otra parte, de a poco\u00a0<strong>se fue normalizando el servicio en distintas l\u00edneas de trenes metropolitanos<\/strong>, como el Roca, Sarmiento, Belgrano Sur y San Mart\u00edn, y lo propio ocurri\u00f3 con los subterr\u00e1neos.<\/p>\n\n\n\n<p>Data: Canal 26.<\/p>\n","protected":false},"excerpt":{"rendered":"<p>Este mi\u00e9rcoles fue interrumpido por un gran apag\u00f3n que\u00a0afect\u00f3 a gran parte del pa\u00eds\u00a0y gener\u00f3\u00a0serias complicaciones.\u00a0Los\u00a0cortes de luz, provocados luego de que\u00a0el sistema el\u00e9ctrico colpsara\u00a0como consecuencia de incendios, afectaron a unos\u00a06 millones de hogares, lo que equivale a unas\u00a020 millones de personas. Tras el caos generalizado y la desesperaci\u00f3n de la gente, finalmente -y desde [&hellip;]<\/p>\n","protected":false},"author":2,"featured_media":0,"comment_status":"closed","ping_status":"open","sticky":false,"template":"","format":"standard","meta":{"footnotes":""},"categories":[8],"tags":[118,394,42],"class_list":{"0":"post-3768","1":"post","2":"type-post","3":"status-publish","4":"format-standard","6":"category-nacionales","7":"tag-argentina","8":"tag-cortes-de-luz","9":"tag-featured"},"_links":{"self":[{"href":"http:\/\/zoomproducciones.com.ar\/zoomp\/wp-json\/wp\/v2\/posts\/3768","targetHints":{"allow":["GET"]}}],"collection":[{"href":"http:\/\/zoomproducciones.com.ar\/zoomp\/wp-json\/wp\/v2\/posts"}],"about":[{"href":"http:\/\/zoomproducciones.com.ar\/zoomp\/wp-json\/wp\/v2\/types\/post"}],"author":[{"embeddable":true,"href":"http:\/\/zoomproducciones.com.ar\/zoomp\/wp-json\/wp\/v2\/users\/2"}],"replies":[{"embeddable":true,"href":"http:\/\/zoomproducciones.com.ar\/zoomp\/wp-json\/wp\/v2\/comments?post=3768"}],"version-history":[{"count":1,"href":"http:\/\/zoomproducciones.com.ar\/zoomp\/wp-json\/wp\/v2\/posts\/3768\/revisions"}],"predecessor-version":[{"id":3770,"href":"http:\/\/zoomproducciones.com.ar\/zoomp\/wp-json\/wp\/v2\/posts\/3768\/revisions\/3770"}],"wp:attachment":[{"href":"http:\/\/zoomproducciones.com.ar\/zoomp\/wp-json\/wp\/v2\/media?parent=3768"}],"wp:term":[{"taxonomy":"category","embeddable":true,"href":"http:\/\/zoomproducciones.com.ar\/zoomp\/wp-json\/wp\/v2\/categories?post=3768"},{"taxonomy":"post_tag","embeddable":true,"href":"http:\/\/zoomproducciones.com.ar\/zoomp\/wp-json\/wp\/v2\/tags?post=3768"}],"curies":[{"name":"wp","href":"https:\/\/api.w.org\/{rel}","templated":true}]}}