{"id":3759,"date":"2023-03-01T12:22:25","date_gmt":"2023-03-01T15:22:25","guid":{"rendered":"http:\/\/zoomproducciones.com.ar\/zoomp\/?p=3759"},"modified":"2023-03-01T12:22:26","modified_gmt":"2023-03-01T15:22:26","slug":"fernandez-inauguro-el-periodo-de-sesiones-ordinarias","status":"publish","type":"post","link":"http:\/\/zoomproducciones.com.ar\/zoomp\/fernandez-inauguro-el-periodo-de-sesiones-ordinarias\/","title":{"rendered":"Fern\u00e1ndez inaugur\u00f3 el per\u00edodo de sesiones ordinarias"},"content":{"rendered":"\n<p>Alberto Fern\u00e1ndez inaugur\u00f3 este mi\u00e9rcoles en asamblea legislativa el <strong>141\u00b0 per\u00edodo de sesiones ordinarias<\/strong>. En su discurso, el presidente reclam\u00f3 la\u00a0<strong>Justicia<\/strong>, y pidi\u00f3 que se\u00a0<strong>\u201cjuzgue y condene\u201d<\/strong>\u00a0a los responsables del\u00a0<strong>atentado<\/strong>\u00a0contra la vida de la vicepresidenta. Se abre una nueva etapa en el\u00a0<strong>Congreso Nacional<\/strong>, en medio de un clima de tensi\u00f3n signado por el\u00a0<strong>a\u00f1o electoral<\/strong>.<\/p>\n\n\n\n<p>A las 11:36 el Presidente dio por inaugurado el <strong>141\u00b0 per\u00edodo de sesiones ordinarias<\/strong>, cuarto de los iniciados en su mandato desde\u00a0<strong>diciembre de 2019<\/strong>.<\/p>\n\n\n\n<p>De esta manera se abre una nueva etapa en el Congreso de la Naci\u00f3n de cara a un a\u00f1o electoral y la crisis internas que aqueja a los dos partidos m\u00e1s importantes del pa\u00eds. <\/p>\n\n\n\n<p>En su discurso, el presidente inici\u00f3 un reclamo a la\u00a0<strong>Justicia<\/strong>, y pidi\u00f3 que\u00a0<strong>\u201cjuzgue y condene\u201d<\/strong>\u00a0a los responsables del\u00a0<strong>atentado<\/strong>\u00a0contra la vida de la vicepresidenta: \u201cLes pido\u00a0<strong>que act\u00faen con la misma premura<\/strong>\u00a0con la que se\u00a0<strong>archivan causas contra jueces y empresarios poderosos<\/strong>\u201d, dijo.<\/p>\n\n\n\n<p>\u00abEstoy&nbsp;<strong>al lado de la vicepresidenta<\/strong>&nbsp;cuando es&nbsp;<strong>perseguida<\/strong>\u00ab, sostuvo.<\/p>\n\n\n\n<p>Adem\u00e1s, el presidente se mostr\u00f3\u00a0<strong>muy cr\u00edtico<\/strong>\u00a0contra los\u00a0<strong>medios de comunicaci\u00f3n<\/strong> \u201cintelectualmente deshonestos y cargados de odio\u201d.<\/p>\n\n\n\n<p>\u201c<strong>Fui yo el que estuvo al lado de Lula cuando injustamente lo apresaron<\/strong>, el que estuvo al lado de <strong>Evo Morales<\/strong> cuando un golpe de Estado le arranc\u00f3 el poder, el que est\u00e1\u00a0<strong>al lado de Cristina<\/strong>\u00a0cuando es perseguida injustamente y el que reclama y hace todo lo republicamente posible para\u00a0<strong>que la Justicia vuelva a abrazar el derecho<\/strong>\u00a0y deje de servir a factores de poder persiguiendo a quienes representan el pensamiento popular\u201d.<\/p>\n","protected":false},"excerpt":{"rendered":"<p>Alberto Fern\u00e1ndez inaugur\u00f3 este mi\u00e9rcoles en asamblea legislativa el 141\u00b0 per\u00edodo de sesiones ordinarias. En su discurso, el presidente reclam\u00f3 la\u00a0Justicia, y pidi\u00f3 que se\u00a0\u201cjuzgue y condene\u201d\u00a0a los responsables del\u00a0atentado\u00a0contra la vida de la vicepresidenta. Se abre una nueva etapa en el\u00a0Congreso Nacional, en medio de un clima de tensi\u00f3n signado por el\u00a0a\u00f1o electoral. A [&hellip;]<\/p>\n","protected":false},"author":2,"featured_media":0,"comment_status":"closed","ping_status":"open","sticky":false,"template":"","format":"standard","meta":{"footnotes":""},"categories":[8],"tags":[128,118,158,42],"class_list":{"0":"post-3759","1":"post","2":"type-post","3":"status-publish","4":"format-standard","6":"category-nacionales","7":"tag-alberto-fernandez","8":"tag-argentina","9":"tag-congreso-nacional","10":"tag-featured"},"_links":{"self":[{"href":"http:\/\/zoomproducciones.com.ar\/zoomp\/wp-json\/wp\/v2\/posts\/3759","targetHints":{"allow":["GET"]}}],"collection":[{"href":"http:\/\/zoomproducciones.com.ar\/zoomp\/wp-json\/wp\/v2\/posts"}],"about":[{"href":"http:\/\/zoomproducciones.com.ar\/zoomp\/wp-json\/wp\/v2\/types\/post"}],"author":[{"embeddable":true,"href":"http:\/\/zoomproducciones.com.ar\/zoomp\/wp-json\/wp\/v2\/users\/2"}],"replies":[{"embeddable":true,"href":"http:\/\/zoomproducciones.com.ar\/zoomp\/wp-json\/wp\/v2\/comments?post=3759"}],"version-history":[{"count":1,"href":"http:\/\/zoomproducciones.com.ar\/zoomp\/wp-json\/wp\/v2\/posts\/3759\/revisions"}],"predecessor-version":[{"id":3761,"href":"http:\/\/zoomproducciones.com.ar\/zoomp\/wp-json\/wp\/v2\/posts\/3759\/revisions\/3761"}],"wp:attachment":[{"href":"http:\/\/zoomproducciones.com.ar\/zoomp\/wp-json\/wp\/v2\/media?parent=3759"}],"wp:term":[{"taxonomy":"category","embeddable":true,"href":"http:\/\/zoomproducciones.com.ar\/zoomp\/wp-json\/wp\/v2\/categories?post=3759"},{"taxonomy":"post_tag","embeddable":true,"href":"http:\/\/zoomproducciones.com.ar\/zoomp\/wp-json\/wp\/v2\/tags?post=3759"}],"curies":[{"name":"wp","href":"https:\/\/api.w.org\/{rel}","templated":true}]}}