{"id":3757,"date":"2023-03-01T12:03:01","date_gmt":"2023-03-01T15:03:01","guid":{"rendered":"http:\/\/zoomproducciones.com.ar\/zoomp\/?p=3757"},"modified":"2023-03-01T12:03:02","modified_gmt":"2023-03-01T15:03:02","slug":"tig-se-convoco-a-audiencia-publica-por-aumento-del-boleto","status":"publish","type":"post","link":"http:\/\/zoomproducciones.com.ar\/zoomp\/tig-se-convoco-a-audiencia-publica-por-aumento-del-boleto\/","title":{"rendered":"TIG: se convoc\u00f3 a audiencia p\u00fablica por aumento del boleto"},"content":{"rendered":"\n<p>Oficialmente se convoc\u00f3 a una Audiencia P\u00fablica para regular el valor del Boleto del Transporte Urbano de Pasajeros. La misma tendr\u00e1 lugar en el Sal\u00f3n de Actos del Municipio -Madariaga 737- el pr\u00f3ximo martes 14 de marzo. Para participar de la misma se deber\u00e1 completar un formulario de inscripci\u00f3n disponible en la Mesa de Entrada y Salida del Municipio. <\/p>\n\n\n\n<p>Mediante la Resoluci\u00f3n 035\/2023 se convoc\u00f3 a una Audiencia por Regulaci\u00f3n del Valor del Boleto del Transporte Urbano de Pasajeros. Seg\u00fan lo que indica el comunicado, el objetivo de la audiencia es <strong>\u00bbexpresar opini\u00f3n respecto de la solicitud de aumento del boleto de transporte urbano de pasajeros\u00bb.<\/strong><\/p>\n\n\n\n<p>La misma tendr\u00e1 lugar en el <strong>Sal\u00f3n de Actos del Palacio Municipal<\/strong> (Madariaga 737) el <strong>martes 14 de marzo de 2023 a las 11 hs<\/strong>.<\/p>\n\n\n\n<p>La empresa TIG insiste en la suba del valor del boleto en base  a los \u00edndices actualizados del Coeficiente de Variaci\u00f3n Salarial, de Productor Nacionales Manufacturados (IPIM) y el costo vigente del Gas Oil.<\/p>\n\n\n\n<p>Como requisito de participaci\u00f3n se solicita completar un formulario de inscripci\u00f3n disponible en <strong>Mesa de Entradas y Salidas de la Municipalidad<\/strong> de Paso de los Libres, en horario de atenci\u00f3n al p\u00fablico, hasta el d\u00eda <strong>10 de marzo de 2023, a las 12 hs.<\/strong><\/p>\n\n\n\n<p>Podr\u00e1n participar todas las personas f\u00edsicas o jur\u00eddicas, p\u00fablicas o privadas que invoquen un derecho o inter\u00e9s suficiente, difuso o de incidencia colectiva, relacionado con la tem\u00e1tica objeto de la Audiencia P\u00fablica.<\/p>\n","protected":false},"excerpt":{"rendered":"<p>Oficialmente se convoc\u00f3 a una Audiencia P\u00fablica para regular el valor del Boleto del Transporte Urbano de Pasajeros. La misma tendr\u00e1 lugar en el Sal\u00f3n de Actos del Municipio -Madariaga 737- el pr\u00f3ximo martes 14 de marzo. Para participar de la misma se deber\u00e1 completar un formulario de inscripci\u00f3n disponible en la Mesa de Entrada [&hellip;]<\/p>\n","protected":false},"author":2,"featured_media":0,"comment_status":"closed","ping_status":"open","sticky":false,"template":"","format":"standard","meta":{"footnotes":""},"categories":[5],"tags":[42,116,124],"class_list":{"0":"post-3757","1":"post","2":"type-post","3":"status-publish","4":"format-standard","6":"category-locales","7":"tag-featured","8":"tag-paso-de-los-libres","9":"tag-tig"},"_links":{"self":[{"href":"http:\/\/zoomproducciones.com.ar\/zoomp\/wp-json\/wp\/v2\/posts\/3757","targetHints":{"allow":["GET"]}}],"collection":[{"href":"http:\/\/zoomproducciones.com.ar\/zoomp\/wp-json\/wp\/v2\/posts"}],"about":[{"href":"http:\/\/zoomproducciones.com.ar\/zoomp\/wp-json\/wp\/v2\/types\/post"}],"author":[{"embeddable":true,"href":"http:\/\/zoomproducciones.com.ar\/zoomp\/wp-json\/wp\/v2\/users\/2"}],"replies":[{"embeddable":true,"href":"http:\/\/zoomproducciones.com.ar\/zoomp\/wp-json\/wp\/v2\/comments?post=3757"}],"version-history":[{"count":1,"href":"http:\/\/zoomproducciones.com.ar\/zoomp\/wp-json\/wp\/v2\/posts\/3757\/revisions"}],"predecessor-version":[{"id":3758,"href":"http:\/\/zoomproducciones.com.ar\/zoomp\/wp-json\/wp\/v2\/posts\/3757\/revisions\/3758"}],"wp:attachment":[{"href":"http:\/\/zoomproducciones.com.ar\/zoomp\/wp-json\/wp\/v2\/media?parent=3757"}],"wp:term":[{"taxonomy":"category","embeddable":true,"href":"http:\/\/zoomproducciones.com.ar\/zoomp\/wp-json\/wp\/v2\/categories?post=3757"},{"taxonomy":"post_tag","embeddable":true,"href":"http:\/\/zoomproducciones.com.ar\/zoomp\/wp-json\/wp\/v2\/tags?post=3757"}],"curies":[{"name":"wp","href":"https:\/\/api.w.org\/{rel}","templated":true}]}}