{"id":3753,"date":"2023-03-01T11:42:32","date_gmt":"2023-03-01T14:42:32","guid":{"rendered":"http:\/\/zoomproducciones.com.ar\/zoomp\/?p=3753"},"modified":"2023-03-01T11:48:11","modified_gmt":"2023-03-01T14:48:11","slug":"caso-naithan-una-tia-del-menor-sera-sometida-a-camara-gessel","status":"publish","type":"post","link":"http:\/\/zoomproducciones.com.ar\/zoomp\/caso-naithan-una-tia-del-menor-sera-sometida-a-camara-gessel\/","title":{"rendered":"Caso Naithan: una t\u00eda del menor ser\u00e1 sometida a C\u00e1mara Gessel"},"content":{"rendered":"\n<p>Una t\u00eda de Naithan -de 12 a\u00f1os- ser\u00e1 sometida a <strong>C\u00e1mara Gessel<\/strong> a causa de sus declaraciones sobre el caso. La menor, qui\u00e9n viv\u00eda en la misma casa con el ni\u00f1o, <strong>habr\u00eda declarado que reconoci\u00f3 su cuerpo por la vestimenta. <\/strong>El abogado Pardo declar\u00f3 que la ni\u00f1a fue una de las persona que <strong>vio por \u00faltima vez al menor <\/strong>en enero y que declar\u00f3 que ten\u00eda <strong>la misma ropa<\/strong> una vez aparecido sin vida. <\/p>\n\n\n\n<p>Finalmente el caso que estremeci\u00f3 a la ciudad tiene una actualizaci\u00f3n importante. La familia del ni\u00f1o Naithan ser\u00e1 representada por Sebasti\u00e1n Pardo, qui\u00e9n adelant\u00f3 detalles de lo sucedido el 14 de febrero.<\/p>\n\n\n\n<h2 class=\"wp-block-heading\">Una t\u00eda a C\u00e1mara Gessel<\/h2>\n\n\n\n<p>Un dato relevente conocido sobre el caso Naithan es que <strong>una t\u00eda del ni\u00f1o -de 12 a\u00f1os de edad- ser\u00e1 sometida a C\u00e1mara Gessel.<\/strong> El abogado S. Pardo declar\u00f3 que qui\u00e9n vio por \u00faltima vez al menor \u201cfue ella y que lo reconoci\u00f3 por la ropa\u201d cuando su cuerpo sin vida fue hallado el 14\/2.<\/p>\n\n\n\n<p>\u201cO sea que <strong>estaba con la misma ropa, transcurriendo muchos d\u00edas<\/strong>\u201d reflexion\u00f3 el letrado y llam\u00f3 la atenci\u00f3n a lo declarado por la madre. <\/p>\n\n\n\n<p>Vale aclarar que la madre del ni\u00f1o, de nombre Brenda, expres\u00f3 que lo hab\u00eda entregado a una asistente social de la ciudad de Corrientes, conforme el testimonio que dio en sede judicial. <\/p>\n\n\n\n<p>\u201cEs un dato muy importante y como es muy menor, <strong>vamos a pedir una C\u00e1mara Gesell y ver qu\u00e9 otros datos puede aportarnos\u201d<\/strong>, apunt\u00f3 el abogado.<\/p>\n\n\n\n<p><strong>Cabe indicar que la t\u00eda de 12 a\u00f1os viv\u00eda en la misma casa que Naithan, junto a su mam\u00e1 Brenda, a la hermanita del ni\u00f1o (de seis meses de edad) y a su abuela.<\/strong><\/p>\n\n\n\n<p><strong>\u201cPuede aportar datos relevantes para la causa. Estamos elaborando las preguntas que entendemos necesarias que se le hagan\u201d<\/strong>, asever\u00f3 Sebasti\u00e1n Pardo apenas conocida la decisi\u00f3n de la Justicia.<\/p>\n\n\n\n<p>Datos: Ponele H.<\/p>\n","protected":false},"excerpt":{"rendered":"<p>Una t\u00eda de Naithan -de 12 a\u00f1os- ser\u00e1 sometida a C\u00e1mara Gessel a causa de sus declaraciones sobre el caso. La menor, qui\u00e9n viv\u00eda en la misma casa con el ni\u00f1o, habr\u00eda declarado que reconoci\u00f3 su cuerpo por la vestimenta. El abogado Pardo declar\u00f3 que la ni\u00f1a fue una de las persona que vio por [&hellip;]<\/p>\n","protected":false},"author":2,"featured_media":0,"comment_status":"closed","ping_status":"open","sticky":false,"template":"","format":"standard","meta":{"footnotes":""},"categories":[5],"tags":[42,116,122],"class_list":{"0":"post-3753","1":"post","2":"type-post","3":"status-publish","4":"format-standard","6":"category-locales","7":"tag-featured","8":"tag-paso-de-los-libres","9":"tag-policiales"},"_links":{"self":[{"href":"http:\/\/zoomproducciones.com.ar\/zoomp\/wp-json\/wp\/v2\/posts\/3753","targetHints":{"allow":["GET"]}}],"collection":[{"href":"http:\/\/zoomproducciones.com.ar\/zoomp\/wp-json\/wp\/v2\/posts"}],"about":[{"href":"http:\/\/zoomproducciones.com.ar\/zoomp\/wp-json\/wp\/v2\/types\/post"}],"author":[{"embeddable":true,"href":"http:\/\/zoomproducciones.com.ar\/zoomp\/wp-json\/wp\/v2\/users\/2"}],"replies":[{"embeddable":true,"href":"http:\/\/zoomproducciones.com.ar\/zoomp\/wp-json\/wp\/v2\/comments?post=3753"}],"version-history":[{"count":2,"href":"http:\/\/zoomproducciones.com.ar\/zoomp\/wp-json\/wp\/v2\/posts\/3753\/revisions"}],"predecessor-version":[{"id":3756,"href":"http:\/\/zoomproducciones.com.ar\/zoomp\/wp-json\/wp\/v2\/posts\/3753\/revisions\/3756"}],"wp:attachment":[{"href":"http:\/\/zoomproducciones.com.ar\/zoomp\/wp-json\/wp\/v2\/media?parent=3753"}],"wp:term":[{"taxonomy":"category","embeddable":true,"href":"http:\/\/zoomproducciones.com.ar\/zoomp\/wp-json\/wp\/v2\/categories?post=3753"},{"taxonomy":"post_tag","embeddable":true,"href":"http:\/\/zoomproducciones.com.ar\/zoomp\/wp-json\/wp\/v2\/tags?post=3753"}],"curies":[{"name":"wp","href":"https:\/\/api.w.org\/{rel}","templated":true}]}}