{"id":3749,"date":"2023-03-01T11:14:37","date_gmt":"2023-03-01T14:14:37","guid":{"rendered":"http:\/\/zoomproducciones.com.ar\/zoomp\/?p=3749"},"modified":"2023-03-01T11:14:38","modified_gmt":"2023-03-01T14:14:38","slug":"libres-continua-la-renovacion-del-casco-centrico","status":"publish","type":"post","link":"http:\/\/zoomproducciones.com.ar\/zoomp\/libres-continua-la-renovacion-del-casco-centrico\/","title":{"rendered":"Libres: contin\u00faa la renovaci\u00f3n del casco c\u00e9ntrico"},"content":{"rendered":"\n<p>El Municipio comparti\u00f3 avances de la obra que lleva adelante la renovaci\u00f3n del casco c\u00e9ntrico. En esta segunda etapa, las obras se ejecutan en calle Col\u00f3n, que ir\u00e1 desde Uruguay hasta Los 108.<\/p>\n\n\n\n<p>Los trabajos se concentran en el <strong>adoquinado<\/strong>, culminaci\u00f3n de los <strong>canales pluviales y rejillas de desag\u00fce<\/strong>s que permitir\u00e1 la rehabilitaci\u00f3n del tr\u00e1nsito vehicular por calle colon, entre Uruguay y Brasil. Esto est\u00e1 previsto para la <strong>Segunda quincena de marzo.<\/strong><\/p>\n\n\n\n<figure class=\"wp-block-image size-full\"><a href=\"http:\/\/zoomproducciones.com.ar\/zoomp\/wp-content\/uploads\/2023\/03\/image.png\"><img decoding=\"async\" src=\"http:\/\/zoomproducciones.com.ar\/zoomp\/wp-content\/uploads\/2023\/03\/image.png\" alt=\"\" class=\"wp-image-3750\"\/><\/a><\/figure>\n\n\n\n<p>La municipalidad insiste a los transe\u00fantes tener mucha precauci\u00f3n y respetar las zonas delimitadas para evitar accidentes.<\/p>\n\n\n\n<p><\/p>\n","protected":false},"excerpt":{"rendered":"<p>El Municipio comparti\u00f3 avances de la obra que lleva adelante la renovaci\u00f3n del casco c\u00e9ntrico. En esta segunda etapa, las obras se ejecutan en calle Col\u00f3n, que ir\u00e1 desde Uruguay hasta Los 108. Los trabajos se concentran en el adoquinado, culminaci\u00f3n de los canales pluviales y rejillas de desag\u00fces que permitir\u00e1 la rehabilitaci\u00f3n del tr\u00e1nsito [&hellip;]<\/p>\n","protected":false},"author":2,"featured_media":0,"comment_status":"closed","ping_status":"open","sticky":false,"template":"","format":"standard","meta":{"footnotes":""},"categories":[5],"tags":[42,115,116],"class_list":{"0":"post-3749","1":"post","2":"type-post","3":"status-publish","4":"format-standard","6":"category-locales","7":"tag-featured","8":"tag-municipalidad","9":"tag-paso-de-los-libres"},"_links":{"self":[{"href":"http:\/\/zoomproducciones.com.ar\/zoomp\/wp-json\/wp\/v2\/posts\/3749","targetHints":{"allow":["GET"]}}],"collection":[{"href":"http:\/\/zoomproducciones.com.ar\/zoomp\/wp-json\/wp\/v2\/posts"}],"about":[{"href":"http:\/\/zoomproducciones.com.ar\/zoomp\/wp-json\/wp\/v2\/types\/post"}],"author":[{"embeddable":true,"href":"http:\/\/zoomproducciones.com.ar\/zoomp\/wp-json\/wp\/v2\/users\/2"}],"replies":[{"embeddable":true,"href":"http:\/\/zoomproducciones.com.ar\/zoomp\/wp-json\/wp\/v2\/comments?post=3749"}],"version-history":[{"count":1,"href":"http:\/\/zoomproducciones.com.ar\/zoomp\/wp-json\/wp\/v2\/posts\/3749\/revisions"}],"predecessor-version":[{"id":3752,"href":"http:\/\/zoomproducciones.com.ar\/zoomp\/wp-json\/wp\/v2\/posts\/3749\/revisions\/3752"}],"wp:attachment":[{"href":"http:\/\/zoomproducciones.com.ar\/zoomp\/wp-json\/wp\/v2\/media?parent=3749"}],"wp:term":[{"taxonomy":"category","embeddable":true,"href":"http:\/\/zoomproducciones.com.ar\/zoomp\/wp-json\/wp\/v2\/categories?post=3749"},{"taxonomy":"post_tag","embeddable":true,"href":"http:\/\/zoomproducciones.com.ar\/zoomp\/wp-json\/wp\/v2\/tags?post=3749"}],"curies":[{"name":"wp","href":"https:\/\/api.w.org\/{rel}","templated":true}]}}